{"id":1431,"date":"2010-02-09T15:42:23","date_gmt":"2010-02-09T15:42:23","guid":{"rendered":"https:\/\/archivioturi.lavocedelpaese.info\/index.php\/2010\/02\/09\/innovare-la-tradizione-un-tripudio\/"},"modified":"2010-02-09T15:42:23","modified_gmt":"2010-02-09T15:42:23","slug":"innovare-la-tradizione-un-tripudio","status":"publish","type":"post","link":"https:\/\/archivioturi.lavocedelpaese.info\/index.php\/2010\/02\/09\/innovare-la-tradizione-un-tripudio\/","title":{"rendered":"INNOVARE LA TRADIZIONE, UN TRIPUDIO"},"content":{"rendered":"<div style=\"text-align: justify;\"><img loading=\"lazy\" decoding=\"async\" class=\" size-full wp-image-712\" src=\"https:\/\/archivioturi.lavocedelpaese.info\/wp-content\/uploads\/2009\/11\/marzella.jpg\" alt=\"marzella\" width=\"320\" height=\"150\" srcset=\"https:\/\/archivioturi.lavocedelpaese.info\/wp-content\/uploads\/2009\/11\/marzella.jpg 640w, https:\/\/archivioturi.lavocedelpaese.info\/wp-content\/uploads\/2009\/11\/marzella-300x141.jpg 300w\" sizes=\"auto, (max-width: 320px) 100vw, 320px\" \/><\/div>\n<div style=\"text-align: justify;\"><\/div>\n<div style=\"text-align: justify;\"><span style=\"font-size: 10pt;\"><span style=\"font-family: verdana,geneva;\">Il 7 febbraio, presso il Palazzo Marchesale Venusio, si \u00e8 svolto lo straordinario evento <strong>\u201cInnovare la tradizione\u201d<\/strong> sponsorizzato dalla ditta Palladium Music e dalla Yamaha. <\/span><\/span><\/div>\n<p style=\"text-align: justify;\"><span style=\"font-size: 10pt;\"><span style=\"font-family: verdana,geneva;\"><img loading=\"lazy\" decoding=\"async\" class=\" alignleft size-full wp-image-1428\" src=\"https:\/\/archivioturi.lavocedelpaese.info\/wp-content\/uploads\/2010\/02\/marzella_1.jpg\" alt=\"marzella_1\" style=\"margin: 10px 10px 10px 0px; float: left;\" width=\"234\" height=\"350\" srcset=\"https:\/\/archivioturi.lavocedelpaese.info\/wp-content\/uploads\/2010\/02\/marzella_1.jpg 427w, https:\/\/archivioturi.lavocedelpaese.info\/wp-content\/uploads\/2010\/02\/marzella_1-200x300.jpg 200w\" sizes=\"auto, (max-width: 234px) 100vw, 234px\" \/><\/span><\/span><span style=\"font-size: 10pt;\"><span style=\"font-family: verdana,geneva;\">In una sala gremita di gente entusiasta, <strong>Michele Jamil Marzella<\/strong> e <strong>Michele Maiellari<\/strong>, cittadini turesi, hanno condotto egregiamente l\u2019organico della <strong>\u201cOrpheo<\/strong> <strong>orchestra\u201d<\/strong>, che si \u00e8 esibita in un repertorio emotivo, vibrante, alternativo, dalle sonorit\u00e0 vive di un tramonto africano che vanno dritte al cuore, liberando lentamente lo spirito e l\u2019anima di chi ascolta tramite nuovi e accattivanti sounds, che contaminano ed innovano decisamente la tradizione, portando l\u2019etno-jazz all\u2019interno della banda.<\/span><\/span><span style=\"font-size: 10pt;\"><span style=\"font-family: verdana,geneva;\"> <\/span><\/span><\/p>\n<div style=\"text-align: justify;\"><\/div>\n<p style=\"text-align: justify;\"><span style=\"font-size: 10pt;\"><span style=\"font-family: verdana,geneva;\"> <\/span><\/span><span style=\"font-size: 10pt;\"><span style=\"font-family: verdana,geneva;\">Ospiti speciali della serata: <strong>Camillo Pace<\/strong>,<strong> <\/strong>al contrabbasso, e <strong>Marco Zurzolo<\/strong>, <\/span><\/span><span style=\"font-size: 10pt;\"><span style=\"font-family: verdana,geneva;\"> <\/span><\/span><span style=\"font-size: 10pt;\"><span style=\"font-family: verdana,geneva;\">sassofonista e compositore partenopeo, entrambi famosi per le loro performances in campo nazionale ed internazionale.<\/span><\/span><span style=\"font-size: 10pt;\"><span style=\"font-family: verdana,geneva;\"> <\/span><\/span><\/p>\n<div style=\"text-align: justify;\"><\/div>\n<p style=\"text-align: justify;\"><span style=\"font-size: 10pt;\"><span style=\"font-family: verdana,geneva;\">Interessante \u00e8 stato l\u2019ascolto oltre che dei brani di Marzella (\u2018Maya\u2019, \u2018Etno Loop Station\u2019 e \u2018Via lenta\u2019, per citarne alcuni), anche e, soprattutto, del pezzo \u2018Reggae\u2019 di Maiellari, il cui punto di forza \u00e8 la fusione di generi e stili musicali diversi.<\/span><\/span><\/p>\n<div style=\"text-align: justify;\"><\/div>\n<p style=\"text-align: justify;\"><span style=\"font-size: 10pt;\"><span style=\"font-family: verdana,geneva;\">\u201cHo preso a pretesto Giuseppe Verdi per riportarlo in vita nel \u2018900, travestendo i suoi temi da Bob Marley, servendomi, quindi, di un ritmo giamaicano. Questa operazione non \u00e8 blasfema, ma una semplice ricostruzione di pezzi gi\u00e0 esistenti.\u201d<\/span><\/span><\/p>\n<div style=\"text-align: justify;\"><\/div>\n<p style=\"text-align: justify;\"><span style=\"font-size: 10pt;\"><span style=\"font-family: verdana,geneva;\">\u201cCi sentiamo davvero impreparati a que<\/span><\/span><span style=\"font-size: 10pt;\"><span style=\"font-family: verdana,geneva;\"><img loading=\"lazy\" decoding=\"async\" class=\" alignright size-full wp-image-1429\" src=\"https:\/\/archivioturi.lavocedelpaese.info\/wp-content\/uploads\/2010\/02\/marzella_3.jpg\" alt=\"marzella_3\" style=\"margin: 10px 0px 10px 10px; float: right;\" width=\"234\" height=\"350\" srcset=\"https:\/\/archivioturi.lavocedelpaese.info\/wp-content\/uploads\/2010\/02\/marzella_3.jpg 427w, https:\/\/archivioturi.lavocedelpaese.info\/wp-content\/uploads\/2010\/02\/marzella_3-200x300.jpg 200w\" sizes=\"auto, (max-width: 234px) 100vw, 234px\" \/><\/span><\/span><span style=\"font-size: 10pt;\"><span style=\"font-family: verdana,geneva;\">sti ritmi cos\u00ec coinvolgenti e nuovi, tanto da non riuscire a prendere fiato &#8211; ha affermato il <strong>Sindaco Vincenzo<\/strong><strong> Gigantelli<\/strong> &#8211; c\u2019\u00e8 un percorso che stiamo facendo ed \u00e8 quello della valorizzazione delle antiche tradizioni. Abbiamo in mente una coproduzione su Giovanni Maria Sabino, noto compositore turese del 1600.<\/span><\/span><\/p>\n<div style=\"text-align: justify;\"><\/div>\n<p style=\"text-align: justify;\"><span style=\"font-size: 10pt;\"><span style=\"font-family: verdana,geneva;\">Il riscontro positivo del pubblico verso queste iniziative, deve diventare per tutti noi, un motivo d\u2019impegno e approfondimento per attingere dei <\/span><\/span><span style=\"font-size: 10pt;\"><span style=\"font-family: verdana,geneva;\"> <\/span><\/span><span style=\"font-size: 10pt;\"><span style=\"font-family: verdana,geneva;\">finanziamenti, ad esempio, dal Ministero dell<\/span><\/span><span style=\"font-size: 10pt;\"><span style=\"font-family: verdana,geneva;\"> <\/span><\/span><span style=\"font-size: 10pt;\"><span style=\"font-family: verdana,geneva;\">a Giovent\u00f9, dalla Regione Puglia, dalla Provincia. Desideriamo interagire con il Conservatorio.<\/span><\/span><\/p>\n<div style=\"text-align: justify;\"><\/div>\n<p><span style=\"font-size: 10pt;\"><span style=\"font-family: verdana,geneva;\">A Turi ci sono tanti maestri: vorrei che ci fosse un circuito virtuoso e attrattivo anche per gli altri comuni. Turi pu\u00f2 diventare la capitale della buona musica e a tale fine vorrei fare iniziare a giugno, dopo la sagra, nel centro storico, tutta una serie di manifestazio<\/span><\/span><span style=\"font-size: 10pt;\"><span style=\"font-family: verdana,geneva;\"> <\/span><\/span><span style=\"font-size: 10pt;\"><span style=\"font-family: verdana,geneva;\">ni artist<\/span><\/span><span style=\"font-size: 10pt;\"><span style=\"font-family: verdana,geneva;\"> <\/span><\/span><span style=\"font-size: 10pt;\"><span style=\"font-family: verdana,geneva;\">iche e culturali che durino tutta l\u2019estate.\u201d<\/span><\/span><\/p>\n<div style=\"text-align: justify;\"><\/div>\n<p style=\"text-align: justify;\"><span style=\"font-size: 10pt;\"><span style=\"font-family: verdana,geneva;\">Il sindaco ha assegnato la <strong>cittadinanza onoraria turese <\/strong>a Marco Zurzolo. Ha, inoltre, promesso di voler patrocinare qualsiasi manifestazione musicale che\u00a0Michele Jamil Marzella, con\u00a0l&#8217;Orchestra Orpheo, <st1:personname productid=\"la Conturband\" w:st=\"on\">la Conturband<\/st1:personname>, il maestro Michele Maiellari\u00a0e Marco Zurzolo vorranno fare nel prossimo futuro come Ambasciatori di Turi nel\u00a0 mondo.<\/span><\/span><\/p>\n<div style=\"text-align: justify;\"><span style=\"font-size: 10pt;\"><span style=\"font-family: verdana,geneva;\">Marco Zurzolo \u00e8 stato, peraltro, il docente del \u201cPrimo Masterclass di Musica Jazz\u201d, organizzato il 5 febbraio presso <st1:personname productid=\"la Biblioteca Comunale\" w:st=\"on\"><st1:personname productid=\"la Biblioteca\" w:st=\"on\">la Biblioteca<\/st1:personname> Comunale<\/st1:personname> di Turi, dall\u2019Associazi<\/span><\/span><span style=\"font-size: 10pt;\"><span style=\"font-family: verdana,geneva;\"> <\/span><\/span><span style=\"font-size: 10pt;\"><span style=\"font-family: verdana,geneva;\">one culturale \u201cOrpheo\u201d, dal tema \u201cJazz urbano nella contaminazione bandistica\u201d. \u201cL\u2019impegno che ci siamo posti &#8211; \u00e8 intervenuto Marzella &#8211; \u00e8 quello di creare, insieme a Raffaele Pagliaruli, delle opportunit\u00e0 di crescita per gli artisti e lanciare a livello nazionale il nostro progetto di innovazione.\u201d<\/span><\/span><span style=\"font-size: 10pt;\"><span style=\"font-family: verdana,geneva;\"> <\/span><\/span><\/div>\n<p style=\"text-align: center;\"><img loading=\"lazy\" decoding=\"async\" class=\" size-full wp-image-1430\" src=\"https:\/\/archivioturi.lavocedelpaese.info\/wp-content\/uploads\/2010\/02\/marzella_2.jpg\" alt=\"marzella_2\" width=\"600\" height=\"400\" srcset=\"https:\/\/archivioturi.lavocedelpaese.info\/wp-content\/uploads\/2010\/02\/marzella_2.jpg 640w, https:\/\/archivioturi.lavocedelpaese.info\/wp-content\/uploads\/2010\/02\/marzella_2-300x200.jpg 300w\" sizes=\"auto, (max-width: 600px) 100vw, 600px\" \/><\/p>\n<p><img decoding=\"async\" src=\"data:image\/png;base64,iVBORw0KGgoAAAANSUhEUgAAABYAAAAUCAYAAACJfM0wAAAABHNCSVQICAgIfAhkiAAAAAlwSFlzAAAK8AAACvABQqw0mAAAAB90RVh0U29mdHdhcmUATWFjcm9tZWRpYSBGaXJld29ya3MgOLVo0ngAAAAWdEVYdENyZWF0aW9uIFRpbWUAMDQvMDQvMDhrK9wWAAACLklEQVQ4jbXUP0wTcRQH8O\/9ekdjkT8CUqpee00bRyNNmSRSV0PcJJoQg2i6ODTExEUHg04OaNSppqtCjQ4ukDSKSuLUwcm4NNZcQYsIGtD+u\/f7MZSWXltqo\/Ul7\/JL7u7z3r3fLye53e5xj8ejoYWRSCSSstfr1YLBYHcr4XA4rMmMMciy3EoXjDHIjDEoivL\/4fefrP1P3nYEvqzLajOIo8fQz5\/cfH3cnVttCM8udQaODBxQFx44Ye9h4HxvdGWtgMlbSXV2SQoMHf0RNcGSJJlmvPLdos7fdyIWL+D5myx+ZwwUDAIRh2EU1wYRFItA6FwvIjdcGJr4qFYakiSBlTavlABwsJth7mUWmSyBOAfnAkQE4gKccxBx\/MoYmHmcxuH+NgAwGQ03j3NeRjjnoGqcC\/zcIgghAMBkNISJuKlbEy4EaKdoKerC5nNMxQdlgVx+t0siKhYQovwV1rbdtyoNxlhxxoqilBMA0uuES6Pt6NqP2hHsoDarhJuXD2F5NV\/uuJR1T4XLzvTJ25\/VyHUnzgzba0YkKq6pdB4T00m47EyvPhU1M54asy3ee5o55bvwQQWAr\/PHMBfbQGhGrykCANqARZ8asy3+ccYjg\/K3kcF9UQAYvrJ29dmrDUxHlnOxu72P+rpYrq5eFU39K649TCF0tnPB0WdtCt2z48rQHIp+8XTHu9ET7alm0aY6fnFHjda98a\/w3wZjDJLP5xv3+\/1aK+F4PJ7cBm32CUNiyI2GAAAAAElFTkSuQmCC\" id=\"fvdkoff-target-image\" style=\"margin: 0px; z-index: 2147483647; position: absolute; visibility: visible; color: transparent; top: 772px; left: 734px;\" \/><\/p>\n","protected":false},"excerpt":{"rendered":"<div style=\"text-align: justify;\"><img loading=\"lazy\" decoding=\"async\" class=\" size-full wp-image-712\" src=\"https:\/\/archivioturi.lavocedelpaese.info\/wp-content\/uploads\/2009\/11\/marzella.jpg\" alt=\"marzella\" width=\"320\" height=\"150\" srcset=\"https:\/\/archivioturi.lavocedelpaese.info\/wp-content\/uploads\/2009\/11\/marzella.jpg 640w, https:\/\/archivioturi.lavocedelpaese.info\/wp-content\/uploads\/2009\/11\/marzella-300x141.jpg 300w\" sizes=\"auto, (max-width: 320px) 100vw, 320px\" \/><\/div>\n","protected":false},"author":1,"featured_media":712,"comment_status":"open","ping_status":"closed","sticky":false,"template":"","format":"standard","meta":{"colormag_page_container_layout":"default_layout","colormag_page_sidebar_layout":"default_layout","footnotes":""},"categories":[6],"tags":[],"class_list":["post-1431","post","type-post","status-publish","format-standard","has-post-thumbnail","hentry","category-cultura"],"_links":{"self":[{"href":"https:\/\/archivioturi.lavocedelpaese.info\/index.php\/wp-json\/wp\/v2\/posts\/1431","targetHints":{"allow":["GET"]}}],"collection":[{"href":"https:\/\/archivioturi.lavocedelpaese.info\/index.php\/wp-json\/wp\/v2\/posts"}],"about":[{"href":"https:\/\/archivioturi.lavocedelpaese.info\/index.php\/wp-json\/wp\/v2\/types\/post"}],"author":[{"embeddable":true,"href":"https:\/\/archivioturi.lavocedelpaese.info\/index.php\/wp-json\/wp\/v2\/users\/1"}],"replies":[{"embeddable":true,"href":"https:\/\/archivioturi.lavocedelpaese.info\/index.php\/wp-json\/wp\/v2\/comments?post=1431"}],"version-history":[{"count":0,"href":"https:\/\/archivioturi.lavocedelpaese.info\/index.php\/wp-json\/wp\/v2\/posts\/1431\/revisions"}],"wp:featuredmedia":[{"embeddable":true,"href":"https:\/\/archivioturi.lavocedelpaese.info\/index.php\/wp-json\/wp\/v2\/media\/712"}],"wp:attachment":[{"href":"https:\/\/archivioturi.lavocedelpaese.info\/index.php\/wp-json\/wp\/v2\/media?parent=1431"}],"wp:term":[{"taxonomy":"category","embeddable":true,"href":"https:\/\/archivioturi.lavocedelpaese.info\/index.php\/wp-json\/wp\/v2\/categories?post=1431"},{"taxonomy":"post_tag","embeddable":true,"href":"https:\/\/archivioturi.lavocedelpaese.info\/index.php\/wp-json\/wp\/v2\/tags?post=1431"}],"curies":[{"name":"wp","href":"https:\/\/api.w.org\/{rel}","templated":true}]}}