{"id":14302,"date":"2016-07-19T08:22:04","date_gmt":"2016-07-19T08:22:04","guid":{"rendered":"https:\/\/archivioturi.lavocedelpaese.info\/index.php\/2016\/07\/19\/frontale-tra-via-conversano-e-via-sicilia\/"},"modified":"2016-07-19T08:22:04","modified_gmt":"2016-07-19T08:22:04","slug":"frontale-tra-via-conversano-e-via-sicilia","status":"publish","type":"post","link":"https:\/\/archivioturi.lavocedelpaese.info\/index.php\/2016\/07\/19\/frontale-tra-via-conversano-e-via-sicilia\/","title":{"rendered":"Frontale tra via Conversano e Via Sicilia"},"content":{"rendered":"<p><img loading=\"lazy\" decoding=\"async\" src=\"https:\/\/c5.staticflickr.com\/9\/8623\/27759884924_b30556eb0c_n.jpg\" alt=\"Turi incidente frontale via Conversano\" height=\"240\" width=\"320\" \/><\/p>\n<p>&nbsp;<\/p>\n<p style=\"text-align: justify;\">Fortunatamente nessun ferito nello scontro frontale tra due auto, avvenuto intorno alle ore 11:00 di sabato 9 luglio all\u2019altezza dell\u2019incrocio tra Via Conversano e Via Sicilia.<\/p>\n<p style=\"text-align: justify;\">Come si pu\u00f2 vedere dalle immagini, la causa del sinistro \u00e8 stata una semplice mancata precedenza a destra, dovuta ad un momento di scarsa visibilit\u00e0 da parte del conducente della Citroen.<\/p>\n<p style=\"text-align: justify;\">Nulla di grave quindi e, nonostante la zona fosse abbastanza trafficata a quell\u2019ora, non c\u2019\u00e8 stato nemmeno bisogno dell\u2019intervento delle Forze dell\u2019Ordine, dal momento che le due parti hanno pacificamente gestito la questione, compilando il classico modulo CID.<\/p>\n","protected":false},"excerpt":{"rendered":"<p><img loading=\"lazy\" decoding=\"async\" src=\"https:\/\/c5.staticflickr.com\/9\/8623\/27759884924_b30556eb0c_n.jpg\" alt=\"Turi incidente frontale via Conversano\" height=\"240\" width=\"320\" \/><\/p>\n","protected":false},"author":1,"featured_media":0,"comment_status":"open","ping_status":"closed","sticky":false,"template":"","format":"standard","meta":{"colormag_page_container_layout":"default_layout","colormag_page_sidebar_layout":"default_layout","footnotes":""},"categories":[8],"tags":[],"class_list":["post-14302","post","type-post","status-publish","format-standard","hentry","category-cronaca"],"_links":{"self":[{"href":"https:\/\/archivioturi.lavocedelpaese.info\/index.php\/wp-json\/wp\/v2\/posts\/14302","targetHints":{"allow":["GET"]}}],"collection":[{"href":"https:\/\/archivioturi.lavocedelpaese.info\/index.php\/wp-json\/wp\/v2\/posts"}],"about":[{"href":"https:\/\/archivioturi.lavocedelpaese.info\/index.php\/wp-json\/wp\/v2\/types\/post"}],"author":[{"embeddable":true,"href":"https:\/\/archivioturi.lavocedelpaese.info\/index.php\/wp-json\/wp\/v2\/users\/1"}],"replies":[{"embeddable":true,"href":"https:\/\/archivioturi.lavocedelpaese.info\/index.php\/wp-json\/wp\/v2\/comments?post=14302"}],"version-history":[{"count":0,"href":"https:\/\/archivioturi.lavocedelpaese.info\/index.php\/wp-json\/wp\/v2\/posts\/14302\/revisions"}],"wp:attachment":[{"href":"https:\/\/archivioturi.lavocedelpaese.info\/index.php\/wp-json\/wp\/v2\/media?parent=14302"}],"wp:term":[{"taxonomy":"category","embeddable":true,"href":"https:\/\/archivioturi.lavocedelpaese.info\/index.php\/wp-json\/wp\/v2\/categories?post=14302"},{"taxonomy":"post_tag","embeddable":true,"href":"https:\/\/archivioturi.lavocedelpaese.info\/index.php\/wp-json\/wp\/v2\/tags?post=14302"}],"curies":[{"name":"wp","href":"https:\/\/api.w.org\/{rel}","templated":true}]}}