{"id":14299,"date":"2016-07-18T10:32:56","date_gmt":"2016-07-18T10:32:56","guid":{"rendered":"https:\/\/archivioturi.lavocedelpaese.info\/index.php\/2016\/07\/18\/arriva-il-reddito-di-dignita\/"},"modified":"2016-07-18T10:32:56","modified_gmt":"2016-07-18T10:32:56","slug":"arriva-il-reddito-di-dignita","status":"publish","type":"post","link":"https:\/\/archivioturi.lavocedelpaese.info\/index.php\/2016\/07\/18\/arriva-il-reddito-di-dignita\/","title":{"rendered":"Arriva il Reddito di Dignit\u00e0"},"content":{"rendered":"<p><img loading=\"lazy\" decoding=\"async\" src=\"https:\/\/c3.staticflickr.com\/9\/8819\/27759444754_dbb659c6c3_n.jpg\" alt=\"RED_SCHERMATAchiusuraSPOT\" height=\"268\" width=\"320\" \/><\/p>\n<p style=\"text-align: center;\"><strong><br \/><\/strong><\/p>\n<p style=\"text-align: center;\"><strong>Dal 26 luglio via libera alle domande<\/strong><\/p>\n<p style=\"text-align: center;\"><strong><br \/><\/strong><\/p>\n<p style=\"text-align: justify;\">Lo scorso 9 luglio \u00e8 stato pubblicato il bando che regolamenta l&#8217;accesso al Reddito di Dignit\u00e0 regionale. La misura di contrasto alla povert\u00e0, varata dalla Regione Puglia, permetter\u00e0 a circa 20mila famiglie pugliesi di usufruire di<strong> un contributo fino a 600 euro mensili<\/strong>. Come ha precisato il governatore Michele Emiliano, non si tratter\u00e0 di un semplice &#8220;sussidio economico&#8221;: <strong>i beneficiari saranno chiamati a sottoscrivere un patto di inclusione sociale attiva<\/strong>, impegnandosi a prestare lavori di pubblica utilit\u00e0 per la propria comunit\u00e0 e a frequentare tirocini formativi utili al reinserimento nel mondo del lavoro.<\/p>\n<p style=\"text-align: justify;\">Possono accedere al Reddito di Dignit\u00e0 regionale, tutte le persone e tutte le famiglie residenti in Puglia da almeno dodici mesi dalla data di presentazione della domanda. Possono beneficiare del ReD solo soggetti e nuclei familiari con <strong>Isee inferiore a 3mila euro annui<\/strong>. Inoltre \u00e8 necessaria la disponibilit\u00e0 a sottoscrivere il patto individuale di inclusione sociale attiva.<\/p>\n<p style=\"text-align: justify;\">&nbsp;<\/p>\n<p style=\"text-align: justify;\"><strong>Come fare la domanda.<\/strong> I cittadini dovranno obbligatoriamente presentare la domanda per il ReD attraverso la piattaforma telematica <a marked=\"1\" target=\"_blank\" href=\"http:\/\/www.sistema.puglia.it\/\" rel=\"noopener\">www.sistema.puglia.it <\/a>e possono farlo o direttamente con propri mezzi, oppure attraverso gli sportelli dei CAF e dei patronati abilitati o del Comune di appartenenza. Le domande potranno essere inoltrate dalle ore 12.00 del prossimo 26 luglio. A seguire, a partire dal 2 settembre 2016, il Comune di residenza provveder\u00e0 ad eseguire tutte le procedure di validazione delle domande ricevute.<\/p>\n<p style=\"text-align: justify;\">&nbsp;<\/p>\n<p style=\"text-align: justify;\"><strong>Come si muover\u00e0 il Comune di Turi?<\/strong> \u201cCi sar\u00e0 innanzitutto un tavolo di concertazione con la maggioranza, previsto per la prossima settimana, per capire quali saranno i suggerimenti dei vari consiglieri \u2013 ci spiega l\u2019Assessore alle Politiche Sociali <strong>Giusy Caldararo<\/strong>. \u201cInoltre \u2013 aggiunge \u2013 vorrei invitare, in un incontro successivo, anche le associazioni del territorio. Il Red, infatti, \u00e8 aperto a loro, a ditte e cooperative che possono fungere da tutor e far s\u00ec che l\u2019esperienza possa diventare per chi ne usufruisce un tirocinio a tutti gli effetti. Con i servizi sociali <strong>abbiamo anche pensato di istituire un \u2018taxi sociale\u2019<\/strong>, che sul nostro territorio manca, rivolto soprattutto a persone anziane che hanno bisogno di spostarsi tra ospedali e presidi medici, ma non ne hanno la possibilit\u00e0. Abbiamo pensato nuovamente anche alla<strong> manutenzione ordinaria del verde pubblico<\/strong> (che era un\u2019idea dei Cantieri di Cittadinanza): serve infatti una persona costante che possa fungere da custode e garante delle regole e del vivere civile\u201d.<\/p>\n<p style=\"text-align: justify;\"><strong> Altro aspetto importante sar\u00e0 la pubblicizzazione<\/strong> <strong>del Reddito di Dignit\u00e0<\/strong>: \u201cSubito dopo gli incontri \u2013 spiega la Caldararo \u2013 faremo in modo che tutto ci\u00f2 venga pubblicizzato sui giornali, con manifesti grandi e piccoli da mettere nei bar o negli studi medici, in modo che la gente possa sapere, possa essere informata. La pubblicit\u00e0 sar\u00e0 un aspetto importante\u201d. Sul numero di turesi che potrebbero essere impiegati \u00e8 difficile fare una previsione: \u201cDipende da quanto \u00e8 forte la progettualit\u00e0. E pi\u00f9 la progettualit\u00e0 si fonda sulle esigenze reali del sociale, pi\u00f9 \u00e8 forte\u201d.<\/p>\n","protected":false},"excerpt":{"rendered":"<p><img loading=\"lazy\" decoding=\"async\" src=\"https:\/\/c3.staticflickr.com\/9\/8819\/27759444754_dbb659c6c3_n.jpg\" alt=\"RED_SCHERMATAchiusuraSPOT\" height=\"268\" width=\"320\" \/><\/p>\n","protected":false},"author":1,"featured_media":0,"comment_status":"open","ping_status":"closed","sticky":false,"template":"","format":"standard","meta":{"colormag_page_container_layout":"default_layout","colormag_page_sidebar_layout":"default_layout","footnotes":""},"categories":[7],"tags":[],"class_list":["post-14299","post","type-post","status-publish","format-standard","hentry","category-attualita"],"_links":{"self":[{"href":"https:\/\/archivioturi.lavocedelpaese.info\/index.php\/wp-json\/wp\/v2\/posts\/14299","targetHints":{"allow":["GET"]}}],"collection":[{"href":"https:\/\/archivioturi.lavocedelpaese.info\/index.php\/wp-json\/wp\/v2\/posts"}],"about":[{"href":"https:\/\/archivioturi.lavocedelpaese.info\/index.php\/wp-json\/wp\/v2\/types\/post"}],"author":[{"embeddable":true,"href":"https:\/\/archivioturi.lavocedelpaese.info\/index.php\/wp-json\/wp\/v2\/users\/1"}],"replies":[{"embeddable":true,"href":"https:\/\/archivioturi.lavocedelpaese.info\/index.php\/wp-json\/wp\/v2\/comments?post=14299"}],"version-history":[{"count":0,"href":"https:\/\/archivioturi.lavocedelpaese.info\/index.php\/wp-json\/wp\/v2\/posts\/14299\/revisions"}],"wp:attachment":[{"href":"https:\/\/archivioturi.lavocedelpaese.info\/index.php\/wp-json\/wp\/v2\/media?parent=14299"}],"wp:term":[{"taxonomy":"category","embeddable":true,"href":"https:\/\/archivioturi.lavocedelpaese.info\/index.php\/wp-json\/wp\/v2\/categories?post=14299"},{"taxonomy":"post_tag","embeddable":true,"href":"https:\/\/archivioturi.lavocedelpaese.info\/index.php\/wp-json\/wp\/v2\/tags?post=14299"}],"curies":[{"name":"wp","href":"https:\/\/api.w.org\/{rel}","templated":true}]}}