{"id":14271,"date":"2016-07-06T15:34:55","date_gmt":"2016-07-06T15:34:55","guid":{"rendered":"https:\/\/archivioturi.lavocedelpaese.info\/index.php\/2016\/07\/06\/mons-favale-a-turi-costruiamo-una-bella-comunita\/"},"modified":"2016-07-06T15:34:55","modified_gmt":"2016-07-06T15:34:55","slug":"mons-favale-a-turi-costruiamo-una-bella-comunita","status":"publish","type":"post","link":"https:\/\/archivioturi.lavocedelpaese.info\/index.php\/2016\/07\/06\/mons-favale-a-turi-costruiamo-una-bella-comunita\/","title":{"rendered":"Mons. Favale a Turi. \u201cCostruiamo una bella comunit\u00e0\u201d"},"content":{"rendered":"<p><img loading=\"lazy\" decoding=\"async\" src=\"https:\/\/c7.staticflickr.com\/8\/7660\/28037409086_eb79b24e15_n.jpg\" alt=\"turi visita vescovo (26)\" height=\"240\" width=\"320\" \/><\/p>\n<p>&nbsp;<\/p>\n<p style=\"text-align: center;\"><strong>Il Vescovo di Conversano-Monopoli Mons. Giuseppe Favale in visita a Turi. <br \/>Solenne Concelebrazione Eucaristica presso la Chiesa Madre<\/strong><\/p>\n<p style=\"text-align: center;\"><strong><br \/><\/strong><\/p>\n<p style=\"text-align: justify;\">Domenica 24 giugno, Sua Eccellenza Mons. Giuseppe Favale, Vescovo di Conversano-Monopoli \u00e8 stato accolto dalla nostra comunit\u00e0 nella sua prima visita pastorale a Turi. Il Vescovo \u00e8 arrivato intorno alle ore 18.00 nella piazza antistante la Chiesa di San Giovanni, ricevendo gli onori di tutte le autorit\u00e0 presenti, delle associazioni, dei volontari, delle confraternite, degli scout e di tutta la cittadinanza turese. Dopo il saluto del Sindaco, seguito da quello di Mons. Favale, si \u00e8 formato un corteo che, diretto alla Chiesa Madre, ha percorso via Maggiore Orlandi e piazza Silvio Orlandi. Nella Chiesa Madre si \u00e8 svolta, accompagnata dal coro, la solenne Concelebrazione Eucaristica, alla presenza dei nostri parroci <strong>don Giovanni<\/strong>, <strong>don Nicola<\/strong> e <strong>don Ciccio<\/strong>. Terminata la Santa Messa, Sua Eccellenza ha trascorso la serata al Campo dell\u2019Oratorio, dove \u00e8 stata organizzata una festa in suo onore.<\/p>\n<p style=\"text-align: justify;\">\u201cVengo in mezzo a voi perch\u00e9 sono vostro padre nella fede, sono vostro pastore, sono vostro amico e voglio condurvi al Signore Ges\u00f9, unica fonte di gioia e speranza per tutti voi. Il Vescovo viene per annunciarvi Ges\u00f9 Cristo\u201d. \u00c8 con queste parole piene di fede che <strong>Mons. Favale si presenta a Turi, la \u201cbella citt\u00e0\u201d, la \u201ccitt\u00e0 delle ciliegie\u201d. \u201cCos\u00ec siete conosciuti voi di Turi. E come sono buone le ciliegie! Sono certo che molto pi\u00f9 buone delle ciliegie sono le persone\u201d<\/strong>. \u201cVoglio esprimere la mia solidariet\u00e0 per questa situazione in cui la citt\u00e0 di Turi si \u00e8 venuta a trovare a causa del maltempo nel periodo della raccolta. Sono vicino alle famiglie che hanno subito dei danni dal tempo cattivo. Per\u00f2 avete saputo rialzarvi. Dobbiamo sempre guardare avanti con ottimismo e fiducia. Nulla ci deve fermare\u201d.<\/p>\n<p style=\"text-align: justify;\">\u201cDobbiamo impegnarci fino in fondo per costruire comunit\u00e0 stupende \u2013 ha poi detto il Vescovo \u2013 la comunit\u00e0 cittadina innanzitutto\u201d. \u201cRicordiamoci che la diversit\u00e0 \u00e8 sempre ricchezza\u201d. \u201c<strong>Qui nella piazza di Turi voglio dire innanzitutto questo: facciamo convergere tutte le nostre forze per costruire una bella comunit\u00e0,<\/strong> dove tutti si accolgono nella diversit\u00e0, dove tutti si mettono al servizio gli uni degli altri, nella ricerca del bene comune. Io vengo a dire che la Chiesa di Turi, nelle tre Parrocchie, vuole essere in prima linea in questo lavoro di costruzione della comunit\u00e0. Lo chiedo ai parroci e a voi che fate parte della comunit\u00e0 ecclesiale. La Chiesa vuole rimboccarsi le maniche\u201d. Anche Sua Eccellenza rivolge un pensiero \u201cagli amici della Casa penitenziale, sono fratelli come noi. E noi vogliamo aiutarli a uscire fuori dalle loro fragilit\u00e0 e dai loro errori. Per questo guardo a loro con affetto grande, con amore di padre\u201d e \u201cvoglio chiedere alla comunit\u00e0 di Turi di stare vicino a questo luogo, non solo fisicamente, ma con il vostro affetto e con la vostra preghiera\u201d.<\/p>\n<p style=\"text-align: justify;\">&nbsp;<\/p>\n<p style=\"text-align: center;\"><span style=\"font-size: 12pt;\"><strong>Il saluto del Sindaco<\/strong><\/span><\/p>\n<p style=\"text-align: justify;\">Il Sindaco Coppi, nel suo saluto, ha parlato di una \u201ccomunit\u00e0 fatta di persone operose, dedite al lavoro e capaci di slanci di solidariet\u00e0\u201d. \u201cTuri \u00e8 uno dei comuni di maggiore spicco in Puglia per la produzione agricola, con le sue pregevolezze fatte di frutti straordinari\u201d, \u201cmerito dei nostri avi che hanno fatto di una terra povera un giardino\u201d. \u201cCiliegie, uva, percoche, albicocche di qualit\u00e0 eccelsa sono il risultato di determinazione e di impegno\u201d. \u201cTuri ha un\u2019origine molto antica\u201d, \u201cnoi siamo orgogliosi di questo e stiamo lavorando per la valorizzazione della nostra storia\u201d. <strong>\u201cLa Chiesa \u00e8 sempre stata un punto di riferimento essenziale per la nostra comunit\u00e0\u201d.<\/strong><\/p>\n<p style=\"text-align: justify;\">Per la questione dei <strong>lavoratori stagionali<\/strong>, \u201cl\u2019aiuto delle Caritas e dei volontari delle diocesi \u00e8 stato determinante\u201d ed il primo cittadino ha voluto ringraziarli \u201cpubblicamente per ci\u00f2 che fate e per la discrezione con cui lo fate\u201d. \u201cDa sempre la Chiesa turese \u00e8 impegnata nell\u2019educazione dei giovani e nel favorire la socialit\u00e0. Vorrei ricordare la straordinaria opera di Don Giovanni Cipriani che nel secondo dopoguerra, con pochi mezzi, ma con grande determinazione, costru\u00ec un oratorio in un quartiere edificato nelle rimesse dei nostri migranti, dando un luogo di aggregazione, di giochi, e contemporaneamente di impegno ai figli di quegli emigrati\u201d. <strong>Un ricordo anche alla \u201cbanda che \u00e8 orgoglio di tutta la citt\u00e0\u201d.<\/strong><\/p>\n<p style=\"text-align: justify;\">Coppi ha menzionato anche <strong>il Penitenziario<\/strong>, che oltre ad essere un \u201cluogo di penitenza e di espiazione\u201d \u00e8 anche un a Casa di pena di importanza storica, per la detenzione di Pertini e Gramsci. \u201cAnche in questo luogo la Chiesa esercita il suo magistero con dedizione e misericordia\u201d. Il discorso del primo cittadino termina con quei \u201cterreni comuni\u201d in cui l\u2019Amministrazione comunale e la Chiesa devono operare insieme per creare \u201cuna societ\u00e0 pi\u00f9 giusta\u201d.<\/p>\n<p><object height=\"480\" width=\"640\"><param name=\"flashvars\" value=\"offsite=true&amp;lang=it-it&amp;page_show_url=%2Fphotos%2F91470992%40N02%2Fsets%2F72157670584702745%2Fshow%2F&amp;page_show_back_url=%2Fphotos%2F91470992%40N02%2Fsets%2F72157670584702745%2F&amp;set_id=72157670584702745&amp;jump_to=\" \/><param name=\"movie\" value=\"https:\/\/www.flickr.com\/apps\/slideshow\/show.swf?v=261948265\" \/><param name=\"allowFullScreen\" value=\"true\" \/><embed type=\"application\/x-shockwave-flash\" src=\"https:\/\/www.flickr.com\/apps\/slideshow\/show.swf?v=261948265\" allowfullscreen=\"true\" flashvars=\"offsite=true&amp;lang=it-it&amp;page_show_url=%2Fphotos%2F91470992%40N02%2Fsets%2F72157670584702745%2Fshow%2F&amp;page_show_back_url=%2Fphotos%2F91470992%40N02%2Fsets%2F72157670584702745%2F&amp;set_id=72157670584702745&amp;jump_to=\" height=\"480\" width=\"640\" \/><\/object><\/p>\n","protected":false},"excerpt":{"rendered":"<p><img loading=\"lazy\" decoding=\"async\" src=\"https:\/\/c7.staticflickr.com\/8\/7660\/28037409086_eb79b24e15_n.jpg\" alt=\"turi visita vescovo (26)\" height=\"240\" width=\"320\" \/><\/p>\n","protected":false},"author":1,"featured_media":0,"comment_status":"open","ping_status":"closed","sticky":false,"template":"","format":"standard","meta":{"colormag_page_container_layout":"default_layout","colormag_page_sidebar_layout":"default_layout","footnotes":""},"categories":[7],"tags":[],"class_list":["post-14271","post","type-post","status-publish","format-standard","hentry","category-attualita"],"_links":{"self":[{"href":"https:\/\/archivioturi.lavocedelpaese.info\/index.php\/wp-json\/wp\/v2\/posts\/14271","targetHints":{"allow":["GET"]}}],"collection":[{"href":"https:\/\/archivioturi.lavocedelpaese.info\/index.php\/wp-json\/wp\/v2\/posts"}],"about":[{"href":"https:\/\/archivioturi.lavocedelpaese.info\/index.php\/wp-json\/wp\/v2\/types\/post"}],"author":[{"embeddable":true,"href":"https:\/\/archivioturi.lavocedelpaese.info\/index.php\/wp-json\/wp\/v2\/users\/1"}],"replies":[{"embeddable":true,"href":"https:\/\/archivioturi.lavocedelpaese.info\/index.php\/wp-json\/wp\/v2\/comments?post=14271"}],"version-history":[{"count":0,"href":"https:\/\/archivioturi.lavocedelpaese.info\/index.php\/wp-json\/wp\/v2\/posts\/14271\/revisions"}],"wp:attachment":[{"href":"https:\/\/archivioturi.lavocedelpaese.info\/index.php\/wp-json\/wp\/v2\/media?parent=14271"}],"wp:term":[{"taxonomy":"category","embeddable":true,"href":"https:\/\/archivioturi.lavocedelpaese.info\/index.php\/wp-json\/wp\/v2\/categories?post=14271"},{"taxonomy":"post_tag","embeddable":true,"href":"https:\/\/archivioturi.lavocedelpaese.info\/index.php\/wp-json\/wp\/v2\/tags?post=14271"}],"curies":[{"name":"wp","href":"https:\/\/api.w.org\/{rel}","templated":true}]}}