{"id":14262,"date":"2016-07-04T08:26:11","date_gmt":"2016-07-04T08:26:11","guid":{"rendered":"https:\/\/archivioturi.lavocedelpaese.info\/index.php\/2016\/07\/04\/le-attivita-di-fine-anno-dellistituto-resta-de-donato-giannini\/"},"modified":"2016-07-04T08:26:11","modified_gmt":"2016-07-04T08:26:11","slug":"le-attivita-di-fine-anno-dellistituto-resta-de-donato-giannini","status":"publish","type":"post","link":"https:\/\/archivioturi.lavocedelpaese.info\/index.php\/2016\/07\/04\/le-attivita-di-fine-anno-dellistituto-resta-de-donato-giannini\/","title":{"rendered":"Le attivit\u00e0 di fine anno dell\u2019Istituto Resta &#8211; De Donato Giannini"},"content":{"rendered":"<p><img loading=\"lazy\" decoding=\"async\" src=\"https:\/\/c5.staticflickr.com\/8\/7244\/27435117644_f5ff9e6ef2_n.jpg\" alt=\"Gli alunni durante la Sagra della Ciliegia\" height=\"240\" width=\"320\" \/><\/p>\n<p style=\"text-align: center;\"><strong><br \/><\/strong><\/p>\n<p style=\"text-align: center;\"><strong>Dalle premiazioni alle attivit\u00e0 culturali, ambientali e sportive. Un piccolo riassunto della fine dell\u2019anno scolastico dei nostri bambini<\/strong><\/p>\n<p>&nbsp;<\/p>\n<p style=\"text-align: justify;\">L\u20198 giugno si sono ufficialmente chiusi i libri dei nostri piccoli cittadini turesi, perlomeno di coloro i quali non hanno dovuto sostenere gli esami. La fine dell\u2019anno scolastico presso l\u2019Istituto Comprensivo Resta \u2013 De Donato Giannini si \u00e8 animato di<strong> tantissime attivit\u00e0 che hanno coinvolto tutte le classi della Scuola Primaria e di quella Secondaria<\/strong>.<\/p>\n<p style=\"text-align: justify;\">Per quanto riguarda la <strong>Scuola Primaria<\/strong>, le classi prime sono state coinvolte nell\u2019attivit\u00e0 \u201cLettura e legalit\u00e0\u201d, mentre le classi seconde hanno potuto partecipare da protagoniste alla XVI Sagra delle Ciliegie. Le classi terze, invece, hanno inaugurato la \u201cMostra della cartapesta\u201d e la raccolta di fondi Telethon. L\u2019attivit\u00e0 \u201cleggere, scrivere, raccontare\u2026 con Comentale\u201d ha visto la partecipazione delle classi quarte, mentre la manifestazione finale di \u201cAdotta un monumento\u201d il coinvolgimento delle quinte.<\/p>\n<p style=\"text-align: justify;\">Le <strong>Scuole Secondarie<\/strong>, invece, hanno potuto vantare la premiazione degli alunni vincitori dei giochi d&#8217;autunno, gare matematiche della Bocconi, la consegna degli attestati agli alunni che hanno frequentato il corso &#8220;Impariamo il coding\u201d e la premiazione degli alunni della classe 1F per aver partecipato all&#8217;attivit\u00e0 &#8220;Le salvi chi pu\u00f2&#8221; dell&#8217;organizzazione FSC sulla sostenibilit\u00e0 delle foreste.<\/p>\n<p style=\"text-align: justify;\">Ricordiamo anche il <strong>\u201cConcerto per la mamma\u201d<\/strong> del 23 maggio, tenuto in occasione della Festa della Mamma dal coro degli alunni delle classi 2B, 2D e 2E, diretti dal <strong>prof. Resta<\/strong> con la partecipazione del <strong>prof. Santacroce<\/strong>. Infine \u00e8 stata inaugurata la mostra d&#8217;arte <strong>&#8220;I segni del Medioevo nel nostro territorio&#8221;<\/strong>, costituita da elaborati grafico-pittorici e multimediali, grazie ai docenti di arte <strong>prof.ssa Fonte Carenza e Maria Anna Morea<\/strong>. Questa attivit\u00e0 ha visto il coinvolgimento degli alunni di tutte le classi seconde.<\/p>\n<p style=\"text-align: justify;\">Infine, sia la Scuola Primaria che Secondaria sono state impegnate in <strong>\u201cSportivamente insieme\u201d<\/strong>, una mattinata dedicata alle attivit\u00e0 sportive.<\/p>\n","protected":false},"excerpt":{"rendered":"<p><img loading=\"lazy\" decoding=\"async\" src=\"https:\/\/c5.staticflickr.com\/8\/7244\/27435117644_f5ff9e6ef2_n.jpg\" alt=\"Gli alunni durante la Sagra della Ciliegia\" height=\"240\" width=\"320\" \/><\/p>\n","protected":false},"author":1,"featured_media":0,"comment_status":"open","ping_status":"closed","sticky":false,"template":"","format":"standard","meta":{"colormag_page_container_layout":"default_layout","colormag_page_sidebar_layout":"default_layout","footnotes":""},"categories":[6],"tags":[],"class_list":["post-14262","post","type-post","status-publish","format-standard","hentry","category-cultura"],"_links":{"self":[{"href":"https:\/\/archivioturi.lavocedelpaese.info\/index.php\/wp-json\/wp\/v2\/posts\/14262","targetHints":{"allow":["GET"]}}],"collection":[{"href":"https:\/\/archivioturi.lavocedelpaese.info\/index.php\/wp-json\/wp\/v2\/posts"}],"about":[{"href":"https:\/\/archivioturi.lavocedelpaese.info\/index.php\/wp-json\/wp\/v2\/types\/post"}],"author":[{"embeddable":true,"href":"https:\/\/archivioturi.lavocedelpaese.info\/index.php\/wp-json\/wp\/v2\/users\/1"}],"replies":[{"embeddable":true,"href":"https:\/\/archivioturi.lavocedelpaese.info\/index.php\/wp-json\/wp\/v2\/comments?post=14262"}],"version-history":[{"count":0,"href":"https:\/\/archivioturi.lavocedelpaese.info\/index.php\/wp-json\/wp\/v2\/posts\/14262\/revisions"}],"wp:attachment":[{"href":"https:\/\/archivioturi.lavocedelpaese.info\/index.php\/wp-json\/wp\/v2\/media?parent=14262"}],"wp:term":[{"taxonomy":"category","embeddable":true,"href":"https:\/\/archivioturi.lavocedelpaese.info\/index.php\/wp-json\/wp\/v2\/categories?post=14262"},{"taxonomy":"post_tag","embeddable":true,"href":"https:\/\/archivioturi.lavocedelpaese.info\/index.php\/wp-json\/wp\/v2\/tags?post=14262"}],"curies":[{"name":"wp","href":"https:\/\/api.w.org\/{rel}","templated":true}]}}