{"id":14245,"date":"2016-06-29T10:27:45","date_gmt":"2016-06-29T10:27:45","guid":{"rendered":"https:\/\/archivioturi.lavocedelpaese.info\/index.php\/2016\/06\/29\/strade-fantasma-e-mancata-urbanizzazione\/"},"modified":"2016-06-29T10:27:45","modified_gmt":"2016-06-29T10:27:45","slug":"strade-fantasma-e-mancata-urbanizzazione","status":"publish","type":"post","link":"https:\/\/archivioturi.lavocedelpaese.info\/index.php\/2016\/06\/29\/strade-fantasma-e-mancata-urbanizzazione\/","title":{"rendered":"Strade fantasma e mancata urbanizzazione"},"content":{"rendered":"<p><img loading=\"lazy\" decoding=\"async\" src=\"https:\/\/c2.staticflickr.com\/8\/7654\/27931654945_380b7c0c4e_n.jpg\" alt=\"Consiglio comunale Turi\" height=\"240\" width=\"320\" \/><\/p>\n<p style=\"text-align: center;\"><strong><br \/><\/strong><\/p>\n<p style=\"text-align: center;\"><strong>Il Sindaco: \u201cSituazioni che vengono dal passato\u201d. Per l\u2019urbanizzazione non ci sarebbero i soldi<\/strong><\/p>\n<p>&nbsp;<\/p>\n<p style=\"text-align: justify;\">Prima di entrare nel vivo dell&#8217;Ordine del Giorno previsto dalla seduta di Consiglio comunale di mercoled\u00ec 22 giugno, nel momento dedicato alle cosiddette comunicazioni, il consigliere di opposizione Sandro Laera ha preso la parola, mettendo sul tavolo della discussione diversi questioni, alcune delle quali particolarmente importanti.<\/p>\n<p style=\"text-align: justify;\"><strong>La situazione della viabilit\u00e0 di Lama Giotta.<\/strong> Laera chiede conto sulla mancanza della segnaletica orizzontale e verticale per la messa in sicurezza del cantiere, ma anche di via Cisterna, la strada che abitualmente i turesi percorrono in attesa che venga riaperto il tratto di strada attualmente chiuso. Qui, infatti, sarebbero presenti dei segnali di pericolo (i triangoli) che per\u00f2 si sarebbero completamente scoloriti, tanto da rendere difficile capire cosa stiano segnalando. \u201cVanno ripristinati\u201d \u2013 conclude il consigliere.<\/p>\n<p style=\"text-align: justify;\"><strong>Stato dei luoghi della prima traversa di via Rutigliano.<\/strong> Il consigliere di Fratelli d\u2019Italia aveva chiesto conto sulla mancata urbanizzazione della prima traversa di via Rutigliano, ma pare che le risposte ricevute non lo abbiano soddisfatto: \u201cSento offesa la mia intelligenza\u201d \u2013 ha affermato leggendo quanto ricevuto \u2013 \u201ccredo di non aver ricevuto risposta\u201d, \u201cgradirei avere dagli uffici competenti una spiegazione reale\u201d.<\/p>\n<p style=\"text-align: justify;\"><strong>Strade sulla carta, inesistenti nella realt\u00e0.<\/strong> Sempre Laera riferisce dell\u2019ultima Commissione di Controllo, durante la quale si sarebbe discusso su una concessione edilizia. \u201cNella Commissione \u2013 spiega \u2013 \u00e8 emerso che l\u2019ing. Di Bonaventura non aveva le idee del tutto chiare\u201d, per questo la seduta sarebbe stata rimandata in modo da poter avere, nella successiva, elementi certi. In tal sede, tuttavia, sembrerebbero emersi diversi fattori, ad esempio \u201cstrade presenti sul Pug come realizzate e che in realt\u00e0 non esistono\u201d, pi\u00f9 precisamente un prolungamento di via Stefano Camposeo e alcune vie non specificate nei pressi del Cimitero Vecchio. \u201cUn piano urbanistico non pu\u00f2 essere difforme dalla realt\u00e0\u201d \u2013 ha tuonato Laera. Su questo punto \u00e8 il Sindaco a rispondere. Riguardo la concessione edilizia in questione, il primo cittadino informa il Consiglio di avere inviato una nota alla Procura della Repubblica. \u201c\u00c8 una questione che per molti versi viene dal passato\u201d, cos\u00ec come tante altre. \u201c\u00c8 stata fatta una scelta e io non la voglio sindacare. A noi spetterebbe solo procedere con l\u2019urbanizzazione, ma non abbiamo la disponibilit\u00e0 economica per fare tutto questo\u201d. Coppi riferisce di essersi recato anche in Regione per cercare una mano, ma l\u00ec gli avrebbero risposto che le urbanizzazioni sono di competenza e a carico del Comune, responsabile di aver rilasciato le concessioni edilizie. Riguardo alle strade presenti sul Pug, ma non esistenti di fatto, il Sindaco spiega che il Pug, eventualmente, pu\u00f2 riportare vie ipotizzate e di cui si prevede la realizzazione.<\/p>\n<p style=\"text-align: justify;\"><strong>Alcuni lavori pubblici affidati all\u2019Urbanistica.<\/strong> \u201cCome mai \u2013 chiede Sandro Laera \u2013 negli ultimi tempi alcuni lavori pubblici di altri uffici sono stati affidati all\u2019Urbanistica nonostante si sia constatato che l\u2019ing. Di Bonaventura non riesce a soddisfare tutte le richieste?\u201d. Una scelta, questa, non condivisa dal consigliere di minoranza: \u201c\u00c8 chiaro l\u2019affanno di questo ufficio tecnico per l\u2019esecuzione dei tanti lavori in cantiere che Turi aspetta\u201d. Il Sindaco chiarisce che si tratterebbe solo di due lavori di opere pubbliche che hanno traslocato da un ufficio all\u2019altro, pi\u00f9 precisamente quelli riguardanti i dodici alloggi Erp di via Cisterna e la ristrutturazione delle case popolari in via San Giovanni.<\/p>\n<p style=\"text-align: justify;\"><strong>Interventi \u201ccementizi\u201d a Largo Pozzi.<\/strong> Vicino al marciapiede in prossimit\u00e0 del distributore di benzina a Largo Pozzi sono stati effettuati degli interventi di ripristino che Laera definisce \u201cdi non piccole dimensioni\u201d. Chiede conto all\u2019Amministrazione sul perch\u00e9 abbiano proceduto in maniera cos\u00ec urgente e repentina. Tali lavori non risultano (almeno in sede di Consiglio) all\u2019assessore ai Lavori Pubblici che risponde \u201cverificheremo\u201d. Tuttavia, spiega l\u2019ing. Camposeo, \u201ccon le ultime somme disponibili (per i lavori di ripristino stradale ndr) siamo passati anche da quel tratto di strada\u201d; inoltre, potrebbe trattarsi anche delle attivit\u00e0 che la Telecom sta svolgendo per il paese. La risposta non soddisfa Laera, che definisce \u201cmolto grave\u201d questa mancanza di controllo.<\/p>\n<p style=\"text-align: justify;\"><strong>Lavori di messa in sicurezza della SS. 172: Turi esclusa?<\/strong> \u00c8 quello di cui chiede conto il rappresentate di Fratelli d\u2019Italia in Consiglio comunale. Il tratto che potrebbe non essere interessato dai lavori previsti dalla Citt\u00e0 Metropolitana di Bari, infatti, sarebbe un pezzo di circonvallazione che non dovrebbe essere provinciale. \u201cVoglio sensibilizzare questa Amministrazione affinch\u00e9 si possa aprire un dialogo con la Citt\u00e0 Metropolitana\u201d \u2013 ha detto Laera, \u201cper evitare di creare un tratto di viabilit\u00e0 con carreggiata ridotta\u201d. Il primo cittadino ha risposto che ci si sta gi\u00e0 interessando alla questione, tanto che proprio questa mattina (venerd\u00ec 24) \u00e8 in corso un incontro con il sindaco della Citt\u00e0 Metropolitana di Bari, Antonio Decaro. Coppi commenta poi l\u2019importanza della Statale dei Trulli da un punto di vista del turismo rurale: \u201cBisogna ammodernarla e renderla sicura, ma nel rispetto dell\u2019ambiente rurale, di cui va tenuto conto\u201d. A tal riguardo, il consigliere di opposizione Tundo chiede se vi saranno eventuali espropri. Il primo cittadino risponde che di ufficiale non \u00e8 stato ricevuto nulla.<\/p>\n","protected":false},"excerpt":{"rendered":"<p><img loading=\"lazy\" decoding=\"async\" src=\"https:\/\/c2.staticflickr.com\/8\/7654\/27931654945_380b7c0c4e_n.jpg\" alt=\"Consiglio comunale Turi\" height=\"240\" width=\"320\" \/><\/p>\n","protected":false},"author":1,"featured_media":0,"comment_status":"open","ping_status":"closed","sticky":false,"template":"","format":"standard","meta":{"colormag_page_container_layout":"default_layout","colormag_page_sidebar_layout":"default_layout","footnotes":""},"categories":[4],"tags":[],"class_list":["post-14245","post","type-post","status-publish","format-standard","hentry","category-politica"],"_links":{"self":[{"href":"https:\/\/archivioturi.lavocedelpaese.info\/index.php\/wp-json\/wp\/v2\/posts\/14245","targetHints":{"allow":["GET"]}}],"collection":[{"href":"https:\/\/archivioturi.lavocedelpaese.info\/index.php\/wp-json\/wp\/v2\/posts"}],"about":[{"href":"https:\/\/archivioturi.lavocedelpaese.info\/index.php\/wp-json\/wp\/v2\/types\/post"}],"author":[{"embeddable":true,"href":"https:\/\/archivioturi.lavocedelpaese.info\/index.php\/wp-json\/wp\/v2\/users\/1"}],"replies":[{"embeddable":true,"href":"https:\/\/archivioturi.lavocedelpaese.info\/index.php\/wp-json\/wp\/v2\/comments?post=14245"}],"version-history":[{"count":0,"href":"https:\/\/archivioturi.lavocedelpaese.info\/index.php\/wp-json\/wp\/v2\/posts\/14245\/revisions"}],"wp:attachment":[{"href":"https:\/\/archivioturi.lavocedelpaese.info\/index.php\/wp-json\/wp\/v2\/media?parent=14245"}],"wp:term":[{"taxonomy":"category","embeddable":true,"href":"https:\/\/archivioturi.lavocedelpaese.info\/index.php\/wp-json\/wp\/v2\/categories?post=14245"},{"taxonomy":"post_tag","embeddable":true,"href":"https:\/\/archivioturi.lavocedelpaese.info\/index.php\/wp-json\/wp\/v2\/tags?post=14245"}],"curies":[{"name":"wp","href":"https:\/\/api.w.org\/{rel}","templated":true}]}}