{"id":14241,"date":"2016-06-27T06:30:44","date_gmt":"2016-06-27T06:30:44","guid":{"rendered":"https:\/\/archivioturi.lavocedelpaese.info\/index.php\/2016\/06\/27\/ottima-risposta-per-la-tappa-turese-di-bari-in-jazz\/"},"modified":"2016-06-27T06:30:44","modified_gmt":"2016-06-27T06:30:44","slug":"ottima-risposta-per-la-tappa-turese-di-bari-in-jazz","status":"publish","type":"post","link":"https:\/\/archivioturi.lavocedelpaese.info\/index.php\/2016\/06\/27\/ottima-risposta-per-la-tappa-turese-di-bari-in-jazz\/","title":{"rendered":"Ottima risposta per la tappa turese di \u201cBari in Jazz\u201d"},"content":{"rendered":"<p><img loading=\"lazy\" decoding=\"async\" src=\"https:\/\/c3.staticflickr.com\/8\/7402\/27883942826_c631c243c0_n.jpg\" alt=\"Bari in Jazz - concerto Turi 2016\" height=\"240\" width=\"320\" \/><\/p>\n<p style=\"text-align: center;\"><strong><br \/><\/strong><\/p>\n<p style=\"text-align: center;\"><strong>Musicisti internazionali si esibiscono a Turi<\/strong><\/p>\n<p style=\"text-align: justify;\">Anche quest&#8217;anno, l&#8217;Amministrazione comunale di Turi ha deciso di aderire al Festival metropolitano \u201cBari in Jazz\u201d, giunto alla sua XII Edizione.<\/p>\n<p style=\"text-align: justify;\">Il festival, organizzato dall&#8217;associazione barese <strong>\u201cAbusuan\u201d<\/strong>, si \u00e8 posto l&#8217;obiettivo, gi\u00e0 dal 2015, di espandersi da Bari citt\u00e0 (ove si \u00e8 sempre tenuto sin dalla prima edizione), inglobando anche i Comuni della Citt\u00e0 Metropolitana interessati a coniugare musica di qualit\u00e0 e promozione del territorio.<\/p>\n<p><img loading=\"lazy\" decoding=\"async\" style=\"margin: 6px; float: left;\" src=\"https:\/\/c3.staticflickr.com\/8\/7299\/27883942906_0b2bddeff8_n.jpg\" alt=\"Bari in Jazz - concerto Turi 2016\" height=\"240\" width=\"320\" \/><\/p>\n<p style=\"text-align: justify;\">Gi\u00e0 l&#8217;anno scorso, l&#8217;esibizione del pianista Dado Moroni, tenutasi presso Piazza Gonnelli, aveva suscitato apprezzamenti e fatto giungere nel nostro paese numerosi spettatori, riempiendo la suggestiva piazza del centro storico turese.<\/p>\n<p style=\"text-align: justify;\">Quest&#8217;anno, il nostro Comune ha accolto un trio islandese, composto dalla <strong>pianista Sunna Gunnlaugs<\/strong>, dal <strong>batterista Scott McLemore<\/strong> e dal <strong>contrabbassista Thorgrimur Jonsson<\/strong>. Lo spettacolo svoltosi lo scorso 19 giugno, denominato \u201cCielito Lindo\u201d dal nome dell&#8217;ultimo album della famosa jazzista, complice la poco favorevole situazione meteorologica, si \u00e8 tenuto all&#8217;interno della nuova sala conferenza sita presso il Chiostro delle Clarisse, location che ha reso l&#8217;atmosfera ancora pi\u00f9 intima e raccolta, sebbene la piazza avrebbe consentito al numeroso pubblico giunto per l&#8217;occasione di godere al meglio della preziosa esibizione.<\/p>\n<p style=\"text-align: justify;\">Il concerto, durato circa 1h30min, si \u00e8 sviluppato attraverso l&#8217;esecuzione dei differenti brani ideati dal trio, frutto di elaborazioni e suggestioni legate alle varie esperienze maturate dagli artisti islandesi e, di volta in volta, dalla stessa pianista,presentati al pubblico, attraverso interessanti aneddoti.<\/p>\n<p><img loading=\"lazy\" decoding=\"async\" style=\"margin: 6px; float: right;\" src=\"https:\/\/c7.staticflickr.com\/8\/7654\/27883942966_dbb02e58a1_n.jpg\" alt=\"Bari in Jazz - concerto Turi 2016\" height=\"240\" width=\"320\" \/><\/p>\n<p style=\"text-align: justify;\">&#8220;La scelta di aderire, anche per il 2016 e per il secondo anno consecutivo, al Festival metropolitano \u2018Bari in jazz\u2019 \u2013 commenta il <strong>vicesindaco Lavinia Orlando<\/strong> \u2013 \u00e8 fortemente legata all&#8217;ottima esperienza dello scorso anno. Se nel 2015 la volont\u00e0 nasceva dall&#8217;ottimo curriculum presentato dall&#8217;associazione organizzatrice e da una proposta artistica convincente, quest&#8217;anno la scelta \u00e8 stata compiuta con maggiore consapevolezza, oltre che sulla base degli elementi appena visti, anche alla luce del successo, in termini di pubblico e qualitativo, di cui Turi ha beneficiato con lo spettacolo del 2015&#8243;.<\/p>\n<p style=\"text-align: justify;\">&#8220;L&#8217;esibizione del 2016 \u2013 continua l\u2019assessore alla cultura \u2013 nonostante il maltempo e il conseguente spostamento al chiuso, non ha deluso le aspettative, ha permesso a Turi di <strong>accogliere jazzisti di rilievo internazionale<\/strong> ed ha visto la partecipazione, oltre che di nostri concittadini, anche dell&#8217;affezionato pubblico della rassegna, proveniente da tutti i Comuni della Citt\u00e0 Metropolitana di Bari, con il <strong>conseguente ritorno <\/strong>facilmente immaginabile,<strong> anche in termini di promozione del territorio<\/strong>&#8220;.<\/p>\n<p style=\"text-align: justify;\">&#8220;Ovviamente \u2013 chiosa Lavinia Orlando \u2013 <strong>resta ferma la volont\u00e0 di ribadire, anche per gli anni a venire, l&#8217;adesione alla rassegna<\/strong>, che da oramai dodici anni consente a Bari e, da due anni, anche ai Comuni della gi\u00e0 Provincia, di beneficiare di musicisti di rilievo internazionale, consentendo al contempo ai territori ospitanti di promuoversi e farsi conoscere\u201d.<\/p>\n<p>&nbsp;<\/p>\n","protected":false},"excerpt":{"rendered":"<p><img loading=\"lazy\" decoding=\"async\" src=\"https:\/\/c3.staticflickr.com\/8\/7402\/27883942826_c631c243c0_n.jpg\" alt=\"Bari in Jazz - concerto Turi 2016\" height=\"240\" width=\"320\" \/><\/p>\n","protected":false},"author":1,"featured_media":0,"comment_status":"open","ping_status":"closed","sticky":false,"template":"","format":"standard","meta":{"colormag_page_container_layout":"default_layout","colormag_page_sidebar_layout":"default_layout","footnotes":""},"categories":[6],"tags":[],"class_list":["post-14241","post","type-post","status-publish","format-standard","hentry","category-cultura"],"_links":{"self":[{"href":"https:\/\/archivioturi.lavocedelpaese.info\/index.php\/wp-json\/wp\/v2\/posts\/14241","targetHints":{"allow":["GET"]}}],"collection":[{"href":"https:\/\/archivioturi.lavocedelpaese.info\/index.php\/wp-json\/wp\/v2\/posts"}],"about":[{"href":"https:\/\/archivioturi.lavocedelpaese.info\/index.php\/wp-json\/wp\/v2\/types\/post"}],"author":[{"embeddable":true,"href":"https:\/\/archivioturi.lavocedelpaese.info\/index.php\/wp-json\/wp\/v2\/users\/1"}],"replies":[{"embeddable":true,"href":"https:\/\/archivioturi.lavocedelpaese.info\/index.php\/wp-json\/wp\/v2\/comments?post=14241"}],"version-history":[{"count":0,"href":"https:\/\/archivioturi.lavocedelpaese.info\/index.php\/wp-json\/wp\/v2\/posts\/14241\/revisions"}],"wp:attachment":[{"href":"https:\/\/archivioturi.lavocedelpaese.info\/index.php\/wp-json\/wp\/v2\/media?parent=14241"}],"wp:term":[{"taxonomy":"category","embeddable":true,"href":"https:\/\/archivioturi.lavocedelpaese.info\/index.php\/wp-json\/wp\/v2\/categories?post=14241"},{"taxonomy":"post_tag","embeddable":true,"href":"https:\/\/archivioturi.lavocedelpaese.info\/index.php\/wp-json\/wp\/v2\/tags?post=14241"}],"curies":[{"name":"wp","href":"https:\/\/api.w.org\/{rel}","templated":true}]}}