{"id":14231,"date":"2016-06-22T15:33:31","date_gmt":"2016-06-22T15:33:31","guid":{"rendered":"https:\/\/archivioturi.lavocedelpaese.info\/index.php\/2016\/06\/22\/la-vicesindaco-condivido-in-toto-la-posizione-del-mio-partito\/"},"modified":"2016-06-22T15:33:31","modified_gmt":"2016-06-22T15:33:31","slug":"la-vicesindaco-condivido-in-toto-la-posizione-del-mio-partito","status":"publish","type":"post","link":"https:\/\/archivioturi.lavocedelpaese.info\/index.php\/2016\/06\/22\/la-vicesindaco-condivido-in-toto-la-posizione-del-mio-partito\/","title":{"rendered":"La Vicesindaco: \u201cCondivido in toto la posizione del mio partito\u201d"},"content":{"rendered":"<p><img loading=\"lazy\" decoding=\"async\" src=\"https:\/\/c1.staticflickr.com\/6\/5341\/17689039872_5814f22df9_n.jpg\" alt=\"Lavinia Orlando\" height=\"273\" width=\"320\" \/><\/p>\n<p><strong><br \/><\/strong><\/p>\n<p style=\"text-align: justify;\"><strong>\u201cLa maggioranza Coppi \u00e8 composta da una pluralit\u00e0 di forze politiche, che divergono molto sul piano nazionale, ma che, a livello locale, hanno deciso di intraprendere un percorso comune\u201d<\/strong><\/p>\n<p><strong><br \/><\/strong><\/p>\n<p style=\"text-align: justify;\">La questione dei lavoratori stagionali e la presenza della Boschi alla Sagra delle Ciliegie hanno certamente sollevato qualche piccolo mal di pancia nel mondo politico. Prendiamo Rifondazione Comunista. In un comunicato, che pubblichiamo di seguito, scrivono: \u201cE siamo ovviamente molto critici con l\u2019amministrazione che ha spostato la tendopoli sulla base della protesta. Fosse per noi, la tendopoli sarebbe rimasta nei pressi dell\u2019asilo di via Ginestre\u201d. Sempre Rifondazione Comunista si esprime su Facebook a proposito della visita dell\u2019attuale Ministra delle Riforme: \u201cLa Boschi a Turi per la sagra delle ciliegie. Speriamo non le sfasci come ha fatto con la Costituzione\u201d, mentre il Pd locale, proprio nei giorni scorsi, ha inaugurato il \u201cComitato per il s\u00ec\u201d. In tutto questo, quale \u00e8 la posizione di Lavinia Orlando, attuale vicesindaco e iscritta Prc?<\/p>\n<p style=\"text-align: justify;\"><strong>Vicesindaco, Rifondazione Comunista di Turi ha espressamente manifestato il suo disaccordo riguardo lo spostamento da via Ginestre della tendopoli che attualmente ospita i lavoratori stagionali. Condivide la posizione del suo partito? Se la condivide, come vicesindaco pensa che avrebbe potuto fare di pi\u00f9, sostenendola magari con atti pi\u00f9 decisi?<\/strong> <br \/>\u201cDa iscritta Prc condivido in toto la posizione del mio partito: la tendopoli, secondo me, non andava spostata. E non perch\u00e9 la location successivamente individuata non sia adeguata, o sia lugubre o sia poco rispettosa nei confronti dei nostri defunti (giusto per riassumere le variegate posizioni che ho avuto modo di leggere in queste settimane), bens\u00ec per far comprendere ai cittadini, in primis a chi abita in via Ginestre, che la tendopoli non avrebbe generato alcun tipo di pericolo e\/o danno nei loro confronti e delle loro abitazioni &#8211; e lo dico con la consapevolezza di chi frequenta quotidianamente la tendopoli e parla abitualmente con i lavoratori stagionali, che tutto sono tranne che criminali avvezzi ai furti o altro che ho letto o sentito sempre in queste settimane. Ci\u00f2 precisato, si \u00e8 deciso differentemente, ma non per questo ho ritenuto necessario alzare pubbliche barricate, cosa che al contrario avrei fatto se la situazione non fosse migliorata rispetto allo scorso anno. Le tende, le docce ed i bagni messi a disposizione dalla Protezione Civile Regionale, grazie soprattutto all\u2019impegno del Sindaco, hanno permesso una sistemazione pi\u00f9 dignitosa e decorosa, facendo compiere alla nostra comunit\u00e0 un passo in avanti in tema di accoglienza e di civilt\u00e0, fermo restando che per gli anni a venire si potr\u00e0 e dovr\u00e0 necessariamente migliorare\u201d.<\/p>\n<p style=\"text-align: justify;\">&nbsp;<\/p>\n<p style=\"text-align: justify;\"><strong>Su Facebook Rifondazione Comunista di Turi ha commentato con una certa ironia la presenza della Boschi a Turi per la Sagra delle Ciliegie. Quale \u00e8 il suo commento?<\/strong> <br \/>\u201cLa nostra posizione sulla riforma costituzionale targata Renzi-Boschi-Verdini \u00e8 nota ed \u00e8 negativa. Del resto, in queste settimane abbiamo organizzato banchetti per raccogliere firme anche in funzione del referendum costituzionale di ottobre, rispetto al quale continueremo con la campagna per il no. Pensiamo che le modifiche approvate non rappresentino, cos\u00ec come spacciato dal Pd, il cambiamento di cui necessita il nostro Paese, bens\u00ec un peggioramento nell\u2019architettura istituzionale, che render\u00e0 meno rappresentativo il Parlamento e generer\u00e0 ancora pi\u00f9 rallentamenti nei processi decisionali. Per noi la riforma Boschi ha, di fatto, sfasciato la Costituzione e sfrutteremo i mesi che ci separano dalla consultazione elettorale per spiegare ai cittadini le ragioni a fondamento della nostra tesi. In linea generale, non penso che ci sia da meravigliarsi circa la nostra posizione critica sull\u2019attuale governo e sul Pd: la maggioranza Coppi \u00e8 composta da una pluralit\u00e0 di forze politiche, che divergono molto sul piano nazionale, ma che, a livello locale, hanno deciso di intraprendere un percorso comune e che lo stanno portando avanti, indipendentemente dalle singole posizioni sull\u2019Italicum, sulla riforma della scuola o sulla revisione della Costituzione\u201d.<\/p>\n","protected":false},"excerpt":{"rendered":"<p><img loading=\"lazy\" decoding=\"async\" src=\"https:\/\/c1.staticflickr.com\/6\/5341\/17689039872_5814f22df9_n.jpg\" alt=\"Lavinia Orlando\" height=\"273\" width=\"320\" \/><\/p>\n","protected":false},"author":1,"featured_media":0,"comment_status":"open","ping_status":"closed","sticky":false,"template":"","format":"standard","meta":{"colormag_page_container_layout":"default_layout","colormag_page_sidebar_layout":"default_layout","footnotes":""},"categories":[4],"tags":[],"class_list":["post-14231","post","type-post","status-publish","format-standard","hentry","category-politica"],"_links":{"self":[{"href":"https:\/\/archivioturi.lavocedelpaese.info\/index.php\/wp-json\/wp\/v2\/posts\/14231","targetHints":{"allow":["GET"]}}],"collection":[{"href":"https:\/\/archivioturi.lavocedelpaese.info\/index.php\/wp-json\/wp\/v2\/posts"}],"about":[{"href":"https:\/\/archivioturi.lavocedelpaese.info\/index.php\/wp-json\/wp\/v2\/types\/post"}],"author":[{"embeddable":true,"href":"https:\/\/archivioturi.lavocedelpaese.info\/index.php\/wp-json\/wp\/v2\/users\/1"}],"replies":[{"embeddable":true,"href":"https:\/\/archivioturi.lavocedelpaese.info\/index.php\/wp-json\/wp\/v2\/comments?post=14231"}],"version-history":[{"count":0,"href":"https:\/\/archivioturi.lavocedelpaese.info\/index.php\/wp-json\/wp\/v2\/posts\/14231\/revisions"}],"wp:attachment":[{"href":"https:\/\/archivioturi.lavocedelpaese.info\/index.php\/wp-json\/wp\/v2\/media?parent=14231"}],"wp:term":[{"taxonomy":"category","embeddable":true,"href":"https:\/\/archivioturi.lavocedelpaese.info\/index.php\/wp-json\/wp\/v2\/categories?post=14231"},{"taxonomy":"post_tag","embeddable":true,"href":"https:\/\/archivioturi.lavocedelpaese.info\/index.php\/wp-json\/wp\/v2\/tags?post=14231"}],"curies":[{"name":"wp","href":"https:\/\/api.w.org\/{rel}","templated":true}]}}