{"id":14207,"date":"2016-06-09T10:14:58","date_gmt":"2016-06-09T10:14:58","guid":{"rendered":"https:\/\/archivioturi.lavocedelpaese.info\/index.php\/2016\/06\/09\/sepolti-vivi-in-un-cimitero\/"},"modified":"2016-06-09T10:14:58","modified_gmt":"2016-06-09T10:14:58","slug":"sepolti-vivi-in-un-cimitero","status":"publish","type":"post","link":"https:\/\/archivioturi.lavocedelpaese.info\/index.php\/2016\/06\/09\/sepolti-vivi-in-un-cimitero\/","title":{"rendered":"\u201cSepolti\u201d vivi in un cimitero"},"content":{"rendered":"<p><img loading=\"lazy\" decoding=\"async\" src=\"https:\/\/c1.staticflickr.com\/8\/7022\/27392964792_0582f83204_n.jpg\" alt=\"Cimitero tendopoli (2)\" height=\"203\" width=\"320\" \/><\/p>\n<p>&nbsp;<\/p>\n<p style=\"text-align: justify;\">Lontani dagli occhi. Lontani dal cuore. Lontani da ogni preoccupazione. Si \u00e8 risolta cos\u00ec, l\u2019ennesima tristissima puntata dei lavoratori stranieri a Turi. \u201cSepolti\u201d vivi in un cimitero. L\u2019importante \u00e8 che ora non si vedano, per non dover girare lo sguardo tutte le volte che \u2018inquinano\u2019 di terra e sudore il fondo delle nostre fontane. L\u2019importante \u00e8 che raccolgano per bene tutte le vostre ciliegie dei vostri preziosissimi terreni. Ciascuno pensa alla propria pancia: le mie ciliegie, il mio terreno, i miei voti, la mia dignit\u00e0, il decoro di una citt\u00e0 cui ci si appella, mentre non si \u00e8 capaci di potare un solo albero, coprire una misera buca o ribellarsi davanti a quel vergognoso parco sorto dalle ceneri di un ospedale costruito e poi abbattuto. E ci venite a parlare di decoro. Il decoro e la dignit\u00e0 li avete tolti ai turesi, che assistono inermi agli scempi e alle ruberie di Palazzo. Questo \u00e8 il paradosso. Ipocriti e imbianchini di sepolcri.<\/p>\n<p style=\"text-align: justify;\">E intanto, improbabili rossi e neri si contendono il ghiotto \u201caffare\u201d, trascinando tutto sul proprio terreno di scontro. Sciacalli e avvoltoi. IPOCRISIA: ha ragione il giovane Marco Aiello (non a caso fatto fuori dal PD assieme alla Rossi e a tanti altri troppo poco di sinistra). \u201c\u00c8 solo incapacit\u00e0 e irresponsabilit\u00e0 nella gestione di una situazione preannunciata\u201d. Analisi, queste e altre, troppo scomode per chi non riesce a guardare oltre la propria \u201cfalce\u201d o l\u2019indice di un braccio teso.<\/p>\n<p style=\"text-align: justify;\">Tutti hanno sempre una soluzione per tutto, a patto che si tratti della propria salute e delle proprie tasche. O che ci sia un microfono e qualche bel parolone da sfoggiare: il cohousing! A proposito, che fine ha fatto la libraia moralista? Sempre pronta a dare lezioncine a tutti, a giudicare, se \u00e8 il caso pure a insultare come fa costantemente nei confronti del nostro giornale, salvo poi cibarsene pi\u00f9 di tutti i libri che avr\u00e0 venduto.<\/p>\n<p style=\"text-align: justify;\">L\u2019imperativo alla fine \u00e8: \u201cBanlieue!\u201d, etimologia doppia, che significa \u201cmessa al bando\u201d (da: mettere al bando, mettere lontano dalla citt\u00e0) individui pi\u00f9 poveri e ritenuti pi\u00f9 pericolosi. Le basi ideologiche di chi ha concepito le \u201cbanlieue\u201d parigine intendevano proprio questo: emarginare, ghettizzare. Fondamenta che nella sostanza trovano d\u2019accordo sia i rossi che i neri, come spesso capita quando si sposano gli estremismi, facendoli passare come stili di vita politica coerenti, pi\u00f9 che altro con la storia passata che con quella attuale e futura. Quando i democratici e i liberali e moderati di centrodestra impareranno la lezione? Ogni volta che non si \u00e8 capaci di risolvere i problemi reali o non si vuole programmare l\u2019attivit\u00e0 amministrativa, si concede spazio e potere di \u2018ricatto\u2019 alle forze estreme. Pensate che Vendola si candid\u00f2 alle politiche in coalizione con il Partito Democratico. Una volta incassata la poltrona, il suo partito \u00e8 tornato \u201ccoerente\u201d nel proprio eterno stato di incoerenza. Stesso copione accade in Comuni come Turi: si \u00e8 costretti alle grandi ammucchiate pur di vincere le elezioni.<\/p>\n<p style=\"text-align: justify;\">Le ammucchiate con \u201cquelli che benpensano\u201d, quelli che \u201cl\u2019imperativo \u00e8 vincere\u201d. Dopo la sciagurata soluzione, hanno gi\u00e0 imbandito la tavola del consenso: A cena coi migranti!<\/p>\n<p style=\"text-align: justify;\">E certo, prima li ghettizzano in un cimitero e poi gli preparano da mangiare. Non credo che basti una gustosa cenetta a \u201crifondare\u201d la coscienza. Le ciliegie quest\u2019anno sono amare assai. Complimenti e buon appetito a tutti!<\/p>\n","protected":false},"excerpt":{"rendered":"<p><img loading=\"lazy\" decoding=\"async\" src=\"https:\/\/c1.staticflickr.com\/8\/7022\/27392964792_0582f83204_n.jpg\" alt=\"Cimitero tendopoli (2)\" height=\"203\" width=\"320\" \/><\/p>\n","protected":false},"author":1,"featured_media":0,"comment_status":"open","ping_status":"closed","sticky":false,"template":"","format":"standard","meta":{"colormag_page_container_layout":"default_layout","colormag_page_sidebar_layout":"default_layout","footnotes":""},"categories":[4],"tags":[],"class_list":["post-14207","post","type-post","status-publish","format-standard","hentry","category-politica"],"_links":{"self":[{"href":"https:\/\/archivioturi.lavocedelpaese.info\/index.php\/wp-json\/wp\/v2\/posts\/14207","targetHints":{"allow":["GET"]}}],"collection":[{"href":"https:\/\/archivioturi.lavocedelpaese.info\/index.php\/wp-json\/wp\/v2\/posts"}],"about":[{"href":"https:\/\/archivioturi.lavocedelpaese.info\/index.php\/wp-json\/wp\/v2\/types\/post"}],"author":[{"embeddable":true,"href":"https:\/\/archivioturi.lavocedelpaese.info\/index.php\/wp-json\/wp\/v2\/users\/1"}],"replies":[{"embeddable":true,"href":"https:\/\/archivioturi.lavocedelpaese.info\/index.php\/wp-json\/wp\/v2\/comments?post=14207"}],"version-history":[{"count":0,"href":"https:\/\/archivioturi.lavocedelpaese.info\/index.php\/wp-json\/wp\/v2\/posts\/14207\/revisions"}],"wp:attachment":[{"href":"https:\/\/archivioturi.lavocedelpaese.info\/index.php\/wp-json\/wp\/v2\/media?parent=14207"}],"wp:term":[{"taxonomy":"category","embeddable":true,"href":"https:\/\/archivioturi.lavocedelpaese.info\/index.php\/wp-json\/wp\/v2\/categories?post=14207"},{"taxonomy":"post_tag","embeddable":true,"href":"https:\/\/archivioturi.lavocedelpaese.info\/index.php\/wp-json\/wp\/v2\/tags?post=14207"}],"curies":[{"name":"wp","href":"https:\/\/api.w.org\/{rel}","templated":true}]}}