{"id":14204,"date":"2016-06-08T14:59:23","date_gmt":"2016-06-08T14:59:23","guid":{"rendered":"https:\/\/archivioturi.lavocedelpaese.info\/index.php\/2016\/06\/08\/serve-unazienda-di-trasformazione-per-le-ciliegie\/"},"modified":"2016-06-08T14:59:23","modified_gmt":"2016-06-08T14:59:23","slug":"serve-unazienda-di-trasformazione-per-le-ciliegie","status":"publish","type":"post","link":"https:\/\/archivioturi.lavocedelpaese.info\/index.php\/2016\/06\/08\/serve-unazienda-di-trasformazione-per-le-ciliegie\/","title":{"rendered":"Serve un\u2019azienda di trasformazione per le ciliegie"},"content":{"rendered":"<p><img loading=\"lazy\" decoding=\"async\" src=\"https:\/\/c6.staticflickr.com\/8\/7120\/27418812541_31313a26d2_n.jpg\" alt=\"Incontro con Mons.Giuseppe Magrin Presidente Confederazione Internazionale Unione Apostolica del Clero Vaticano\" height=\"180\" width=\"320\" \/><\/p>\n<p><span style=\"font-size: 12pt;\"><strong><br \/><\/strong><\/span><\/p>\n<p style=\"text-align: center;\"><span style=\"font-size: 12pt;\"><strong>Mediterrae: Stiamo lavorando per portare in zona, non a Turi, <br \/>un\u2019azienda di trasformazione di prodotti agricoli<\/strong><\/span><\/p>\n<p><span style=\"font-size: 12pt;\"><strong><br \/><\/strong><\/span><\/p>\n<p style=\"text-align: justify;\">L\u2019agricoltura \u00e8 cambiata ed ha subito una profonda involuzione a Turi. La mancata interazione tra agricoltura, societ\u00e0 ed ambiente ha impedito al mondo agricolo turese di impostare un nuovo modello di agricoltura basata sulla diversificazione, soprattutto, a causa degli effetti climatici che da qualche anno stanno destabilizzando i mercati. L\u2019agricoltura ormai non pu\u00f2 basarsi solo sulla garanzia del prodotto verso il consumatore finale e sulla sua provenienza geografica per fare reddito. N\u00e9, tantomeno, la stupidit\u00e0 e l\u2019ignoranza possono continuare a farla da padrone su chiacchiere che vengono dette dai politici e chiacchiere da strada.<\/p>\n<p style=\"text-align: justify;\">A Turi il tempo si \u00e8 fermato all\u2019epoca dei \u201cvassalli e dei servi della gleba\u201d. Qui le imprese agricole sono lontane anni luce sull\u2019evoluzione delle <strong>attivit\u00e0 complementari della agricoltura<\/strong>, chi di voi conosce il deepening, l\u2019attivit\u00e0 che rappresenta un\u2019estensione dell\u2019attivit\u00e0 agricola vera e propria, o broadening, le attivit\u00e0 che vanno oltre quella agricola (esempio agriturismi e strutture didattiche o controterzismo e negozi rurali). Agli agricoltori dunque una serie di possibilit\u00e0 da scegliere per la sopravvivenza e l\u2019evoluzione, da sovrapporre alla forca sui prezzi e alla monologazione culturale (i chiacchier).<\/p>\n<p style=\"text-align: justify;\">Serve la diversificazione in agricoltura, servono sul territorio <strong>aziende medio-grandi per la trasformazione dei prodotti agricoli<\/strong>, per garantire al tessuto produttivo un reddito certo e costante in presenza di calamit\u00e0 naturali. Se non ve ne siete accorti il ruolo dell\u2019agricoltore non \u00e8 pi\u00f9 quello della produzione di beni di prima necessit\u00e0, ossia, l\u2019atto fisico di andare in campagna e raccogliere le ciliegie, ma quello della <strong>diversificazione<\/strong> e della <strong>multifunzionalit\u00e0<\/strong>. Questo concetto riguarda la capacit\u00e0 che ha il settore agricolo di produrre beni e servizi e garantire entrate diverse. In altre zone d\u2019Italia, le aziende agricole, si sono trasformate con l\u2019aumento delle diverse qualit\u00e0 e nascita in loco di aziende di trasformazione per abbassare i costi di produzione e con l\u2019innovazione che ha migliorato la produzione. Ad esempio nuove tecniche di innesto degli alberi: in Calabria esistono aziende con alberi di ciliegio piccoli e larghi che fanno risparmiare tempo nella raccolta, si possono coprire facilmente con i teloni e con piccole scale il raccolto \u00e8 assicurato, a differenza di queste zone dove gli alberi raggiungono altezze importanti e alle prime intemperie il raccolto viene distrutto.<\/p>\n<p style=\"text-align: justify;\">Noi come struttura siamo in contatto con importanti aziende del nord per cercare di delocalizzare in zona, non a Turi, un ramo d\u2019azienda od una unit\u00e0 produttiva usufruendo delle tante agevolazioni a fondo perduto stanziate per la Puglia. Non si ha voglia e tempo da perdere per un paese che privilegia gli incapaci e gli inetti, che antepone le chiacchiere alla conoscenza ed al sapere, e va ancora dietro alle chimere!<\/p>\n<p style=\"text-align: right;\"><strong>Natalino Ventrella<\/strong><\/p>\n","protected":false},"excerpt":{"rendered":"<p><img loading=\"lazy\" decoding=\"async\" src=\"https:\/\/c6.staticflickr.com\/8\/7120\/27418812541_31313a26d2_n.jpg\" alt=\"Incontro con Mons.Giuseppe Magrin Presidente Confederazione Internazionale Unione Apostolica del Clero Vaticano\" height=\"180\" width=\"320\" \/><\/p>\n","protected":false},"author":1,"featured_media":0,"comment_status":"open","ping_status":"closed","sticky":false,"template":"","format":"standard","meta":{"colormag_page_container_layout":"default_layout","colormag_page_sidebar_layout":"default_layout","footnotes":""},"categories":[7],"tags":[],"class_list":["post-14204","post","type-post","status-publish","format-standard","hentry","category-attualita"],"_links":{"self":[{"href":"https:\/\/archivioturi.lavocedelpaese.info\/index.php\/wp-json\/wp\/v2\/posts\/14204","targetHints":{"allow":["GET"]}}],"collection":[{"href":"https:\/\/archivioturi.lavocedelpaese.info\/index.php\/wp-json\/wp\/v2\/posts"}],"about":[{"href":"https:\/\/archivioturi.lavocedelpaese.info\/index.php\/wp-json\/wp\/v2\/types\/post"}],"author":[{"embeddable":true,"href":"https:\/\/archivioturi.lavocedelpaese.info\/index.php\/wp-json\/wp\/v2\/users\/1"}],"replies":[{"embeddable":true,"href":"https:\/\/archivioturi.lavocedelpaese.info\/index.php\/wp-json\/wp\/v2\/comments?post=14204"}],"version-history":[{"count":0,"href":"https:\/\/archivioturi.lavocedelpaese.info\/index.php\/wp-json\/wp\/v2\/posts\/14204\/revisions"}],"wp:attachment":[{"href":"https:\/\/archivioturi.lavocedelpaese.info\/index.php\/wp-json\/wp\/v2\/media?parent=14204"}],"wp:term":[{"taxonomy":"category","embeddable":true,"href":"https:\/\/archivioturi.lavocedelpaese.info\/index.php\/wp-json\/wp\/v2\/categories?post=14204"},{"taxonomy":"post_tag","embeddable":true,"href":"https:\/\/archivioturi.lavocedelpaese.info\/index.php\/wp-json\/wp\/v2\/tags?post=14204"}],"curies":[{"name":"wp","href":"https:\/\/api.w.org\/{rel}","templated":true}]}}