{"id":14203,"date":"2016-06-08T12:34:14","date_gmt":"2016-06-08T12:34:14","guid":{"rendered":"https:\/\/archivioturi.lavocedelpaese.info\/index.php\/2016\/06\/08\/turi-a-cena-con-i-migranti\/"},"modified":"2016-06-08T12:34:14","modified_gmt":"2016-06-08T12:34:14","slug":"turi-a-cena-con-i-migranti","status":"publish","type":"post","link":"https:\/\/archivioturi.lavocedelpaese.info\/index.php\/2016\/06\/08\/turi-a-cena-con-i-migranti\/","title":{"rendered":"Turi a cena con i migranti"},"content":{"rendered":"<p><img loading=\"lazy\" decoding=\"async\" src=\"https:\/\/c3.staticflickr.com\/8\/7619\/27391559202_996a587b3a_n.jpg\" alt=\"Cena migranti Turi Rifondazione giugno 2016 (1)\" height=\"240\" width=\"320\" \/><\/p>\n<p style=\"text-align: center;\"><span style=\"font-size: 12pt;\"><strong><br \/><\/strong><\/span><\/p>\n<p style=\"text-align: center;\"><span style=\"font-size: 12pt;\"><strong>Buffet in armonia con i lavoratori stagionali<\/strong><\/span><\/p>\n<p style=\"text-align: justify;\">&nbsp;<\/p>\n<p span=\"\" style=\"text-align: justify;\">Mercoled\u00ec 1\u00b0 giugno il <strong>Circolo turese di Rifondazione Comunista<\/strong> ha organizzato una cena con i lavoratori stagionali presso la tendopoli situata vicino al cimitero di Turi.<\/p>\n<p>Questa \u00e8 la descrizione dell\u2019evento della serata pubblicata su facebook dagli stessi organizzatori:<\/p>\n<p style=\"text-align: justify;\">\u201c<em>Ogni anno a Turi confluiscono svariate decine di migranti, impegnati nella raccolta delle ciliegie. Pur disponibili a pagare l&#8217;affitto di un locale per dormire, hanno sempre avuto difficolt\u00e0 a trovare spazi adeguati e si sono ritrovati a dormire per strada, in condizioni incivili. Quest&#8217;anno il Comune ha messo a disposizione una tendopoli, ma anche in questo caso si sono incontrate le resistenze di cittadini che li preferiscono ai margini.<\/em><\/p>\n<p style=\"text-align: justify;\"><em>Turi non \u00e8 solo questa fetta di xenofobia e indifferenza. C&#8217;\u00e8 una Turi accogliente e calorosa che gi\u00e0 opera a favore di questi ragazzi.<\/em><\/p>\n<p style=\"text-align: justify;\"><em>Rifondazione Comunista organizza una cena con i lavoratori migranti. Prepareremo piatti caldi e passeremo con loro un&#8217;allegra serata, mangiando, bevendo e cantando.<\/em><\/p>\n<p style=\"text-align: justify;\"><em>La nostra iniziativa \u00e8 aperta a tutti i compagni della provincia che vorranno condividere questo momento e a tutti i turesi che non hanno paura dell&#8217;uomo nero, che sentono e vivono la diversit\u00e0 culturale ed etnica come fattore di miglioramento di una comunit\u00e0<\/em>\u201d.<\/p>\n<p style=\"text-align: justify;\">Alla cena hanno partecipato diversi turesi, tra cui anche la <strong>vicesindaco Lavinia Orlando<\/strong>. Anche il <strong>gruppo scout<\/strong> ha preso parte all\u2019evento, contribuendo nella gestione della serata. Il clima che si respirava era mite e cordiale, gli stessi lavoratori stagionali si sono offerti di gettare la spazzatura o di sparecchiare il tutto. Non ci sono stati n\u00e9 canti n\u00e9 balli, come scritto in descrizione, non \u00e8 stata una serata per fare baldoria, \u00e8 stata solo un\u2019occasione per stare insieme, anche nel rispetto del luogo in cui ci trovavamo.<\/p>\n<p style=\"text-align: justify;\">&nbsp;<\/p>\n<p><object height=\"481\" width=\"640\"><param name=\"flashvars\" value=\"offsite=true&amp;lang=it-it&amp;page_show_url=%2Fphotos%2F91470992%40N02%2Fsets%2F72157669387594285%2Fshow%2F&amp;page_show_back_url=%2Fphotos%2F91470992%40N02%2Fsets%2F72157669387594285%2F&amp;set_id=72157669387594285&amp;jump_to=\" \/><param name=\"movie\" value=\"https:\/\/www.flickr.com\/apps\/slideshow\/show.swf?v=261948265\" \/><param name=\"allowFullScreen\" value=\"true\" \/><embed type=\"application\/x-shockwave-flash\" src=\"https:\/\/www.flickr.com\/apps\/slideshow\/show.swf?v=261948265\" allowfullscreen=\"true\" flashvars=\"offsite=true&amp;lang=it-it&amp;page_show_url=%2Fphotos%2F91470992%40N02%2Fsets%2F72157669387594285%2Fshow%2F&amp;page_show_back_url=%2Fphotos%2F91470992%40N02%2Fsets%2F72157669387594285%2F&amp;set_id=72157669387594285&amp;jump_to=\" height=\"481\" width=\"640\" \/><\/object><\/p>\n","protected":false},"excerpt":{"rendered":"<p><img loading=\"lazy\" decoding=\"async\" src=\"https:\/\/c3.staticflickr.com\/8\/7619\/27391559202_996a587b3a_n.jpg\" alt=\"Cena migranti Turi Rifondazione giugno 2016 (1)\" height=\"240\" width=\"320\" \/><\/p>\n","protected":false},"author":1,"featured_media":0,"comment_status":"open","ping_status":"closed","sticky":false,"template":"","format":"standard","meta":{"colormag_page_container_layout":"default_layout","colormag_page_sidebar_layout":"default_layout","footnotes":""},"categories":[7],"tags":[],"class_list":["post-14203","post","type-post","status-publish","format-standard","hentry","category-attualita"],"_links":{"self":[{"href":"https:\/\/archivioturi.lavocedelpaese.info\/index.php\/wp-json\/wp\/v2\/posts\/14203","targetHints":{"allow":["GET"]}}],"collection":[{"href":"https:\/\/archivioturi.lavocedelpaese.info\/index.php\/wp-json\/wp\/v2\/posts"}],"about":[{"href":"https:\/\/archivioturi.lavocedelpaese.info\/index.php\/wp-json\/wp\/v2\/types\/post"}],"author":[{"embeddable":true,"href":"https:\/\/archivioturi.lavocedelpaese.info\/index.php\/wp-json\/wp\/v2\/users\/1"}],"replies":[{"embeddable":true,"href":"https:\/\/archivioturi.lavocedelpaese.info\/index.php\/wp-json\/wp\/v2\/comments?post=14203"}],"version-history":[{"count":0,"href":"https:\/\/archivioturi.lavocedelpaese.info\/index.php\/wp-json\/wp\/v2\/posts\/14203\/revisions"}],"wp:attachment":[{"href":"https:\/\/archivioturi.lavocedelpaese.info\/index.php\/wp-json\/wp\/v2\/media?parent=14203"}],"wp:term":[{"taxonomy":"category","embeddable":true,"href":"https:\/\/archivioturi.lavocedelpaese.info\/index.php\/wp-json\/wp\/v2\/categories?post=14203"},{"taxonomy":"post_tag","embeddable":true,"href":"https:\/\/archivioturi.lavocedelpaese.info\/index.php\/wp-json\/wp\/v2\/tags?post=14203"}],"curies":[{"name":"wp","href":"https:\/\/api.w.org\/{rel}","templated":true}]}}