{"id":14189,"date":"2016-06-01T09:30:55","date_gmt":"2016-06-01T09:30:55","guid":{"rendered":"https:\/\/archivioturi.lavocedelpaese.info\/index.php\/2016\/06\/01\/grandinata-la-coldiretti-chiede-sgravi-contributivi\/"},"modified":"2016-06-01T09:30:55","modified_gmt":"2016-06-01T09:30:55","slug":"grandinata-la-coldiretti-chiede-sgravi-contributivi","status":"publish","type":"post","link":"https:\/\/archivioturi.lavocedelpaese.info\/index.php\/2016\/06\/01\/grandinata-la-coldiretti-chiede-sgravi-contributivi\/","title":{"rendered":"Grandinata. La Coldiretti chiede sgravi contributivi"},"content":{"rendered":"<p><img loading=\"lazy\" decoding=\"async\" src=\"https:\/\/c4.staticflickr.com\/8\/7289\/26735000723_4eecdb14bb_n.jpg\" alt=\"Il segretario della Coldiretti Turi, Domingo Colapietro\" height=\"320\" width=\"313\" \/><\/p>\n<p style=\"text-align: center;\"><span style=\"font-size: 12pt;\"><strong><br \/><\/strong><\/span><\/p>\n<p style=\"text-align: center;\"><span style=\"font-size: 12pt;\"><strong>Colapietro: \u201cUna situazione che avr\u00e0 ripercussioni <br \/>sull&#8217;economia turese\u201d<\/strong><\/span><\/p>\n<p style=\"text-align: center;\"><span style=\"font-size: 12pt;\"><strong><br \/><\/strong><\/span><\/p>\n<p style=\"text-align: justify;\">Un venerd\u00ec da dimenticare, quello che ha chiuso la scorsa settimana e che ha segnato, in maniera indelebile, l&#8217;annata cerasicola turese. Le forti piogge, unite alla violenta grandinata che ha coperto e distrutto le colture locali, hanno provocato danni alle piante in piena produzione. &#8220;\u00c8 andata <strong>distrutta una percentuale tra il 70 e l&#8217;80% della produzione di ciliegia Ferrovia<\/strong>, ma <strong>una stima anche pi\u00f9 alta riguarda la qualit\u00e0 Giorgia<\/strong>&#8220;. A confermarlo Domenico Colapietro, segretario zonale della Coldiretti, che in questi giorni raccoglie le preoccupazioni e i disagi che gli agricoltori locali stanno incontrando. Non si possono biasimare i loro commenti, pessimi, sulla situazione agricola che sta facendo i conti con un prodotto ancora da raccogliere ma che si presenta rovinato dalle violenti piogge e dalla grandine.<\/p>\n<p style=\"text-align: justify;\">Voci di gravi danni sono giunte dalle zone di &#8220;contrada Parco ospedale (Menelao) e Matinelle, mentre, l\u00ec dove non vi \u00e8 stata la grandine, ha contribuito in maniera negativa la pioggia, caduta in maniera violenta e duratura, recando danni specie alla Ferrovia gi\u00e0 pronta per il raccolto&#8221; &#8211; ha proseguito Colapietro. &#8220;Noi come Coldiretti abbiamo ovviamente fatto subito le varie segnalazioni e, per ovviare alla legge 102 che ha cancellato la domanda di calamit\u00e0, ci impegneremo a far passare il decreto di sgravio contributivo Cd e Otd&#8221;. &#8220;In alternativa &#8211; spiega ancora &#8211; richiederemo uno stato di calamit\u00e0 straordinario&#8221;.<\/p>\n<p style=\"text-align: justify;\">Una richiesta necessaria per ripagare, anche se in forma minima, le spese che ogni agricoltore investe nel settore e che quest&#8217;anno rende un prodotto non vendibile sul mercato. &#8220;La pesante situazione &#8211; aggiunge infine il segretario della Coldiretti di Turi &#8211; avr\u00e0 ripercussioni nell&#8217;economia locale, gi\u00e0 in affanno&#8221;.<\/p>\n<p style=\"text-align: justify;\">\u201cNon c\u2019\u00e8 tregua quest\u2019anno per le ciliegie \u2013 ha aggiunto in questo discorso il Presidente di Coldiretti Puglia, Gianni Cantele \u2013 a causa del clima impazzito che ha rovinato prima le variet\u00e0 precoci e ora sta \u2018spaccando\u2019 la ciliegia Ferrovia. Si tratta di eventi calamitosi di eccezionale gravit\u00e0 che necessitano di risposte concrete quanto tempestive. E proprio in questi momenti di emergenza \u00e8 fondamentale riconoscere agli imprenditori agricoli un ruolo incisivo nella gestione del territorio, dell\u2019ambiente e delle aree rurali, perch\u00e9 grazie alla cura che hanno del territorio i fenomeni meteorologici di tale gravit\u00e0 non hanno effetti ancor pi\u00f9 drammatici a carico della collettivit\u00e0\u201d.<\/p>\n<p style=\"text-align: justify;\">Ci auguriamo che presto qualcuno possa prendere in seria e celere considerazione la triste e preoccupante situazione agricola, avviando quelle procedure che aiutino a non far crollare il settore primario dell&#8217;economia. Sicuramente tante famiglie piangono il triste destino decretato dal maltempo, ed \u00e8 proprio per questo che ci si augura che le associazioni di categoria, come anche la politica, possano camminare a braccetto per fornire quell&#8217;aiuto utile all&#8217;agricoltura che dinanzi a tale situazione \u00e8 caduta in ginocchio ed ha bisogno di una mano per rialzarsi.<\/p>\n","protected":false},"excerpt":{"rendered":"<p><img loading=\"lazy\" decoding=\"async\" src=\"https:\/\/c4.staticflickr.com\/8\/7289\/26735000723_4eecdb14bb_n.jpg\" alt=\"Il segretario della Coldiretti Turi, Domingo Colapietro\" height=\"320\" width=\"313\" \/><\/p>\n","protected":false},"author":1,"featured_media":0,"comment_status":"open","ping_status":"closed","sticky":false,"template":"","format":"standard","meta":{"colormag_page_container_layout":"default_layout","colormag_page_sidebar_layout":"default_layout","footnotes":""},"categories":[7],"tags":[],"class_list":["post-14189","post","type-post","status-publish","format-standard","hentry","category-attualita"],"_links":{"self":[{"href":"https:\/\/archivioturi.lavocedelpaese.info\/index.php\/wp-json\/wp\/v2\/posts\/14189","targetHints":{"allow":["GET"]}}],"collection":[{"href":"https:\/\/archivioturi.lavocedelpaese.info\/index.php\/wp-json\/wp\/v2\/posts"}],"about":[{"href":"https:\/\/archivioturi.lavocedelpaese.info\/index.php\/wp-json\/wp\/v2\/types\/post"}],"author":[{"embeddable":true,"href":"https:\/\/archivioturi.lavocedelpaese.info\/index.php\/wp-json\/wp\/v2\/users\/1"}],"replies":[{"embeddable":true,"href":"https:\/\/archivioturi.lavocedelpaese.info\/index.php\/wp-json\/wp\/v2\/comments?post=14189"}],"version-history":[{"count":0,"href":"https:\/\/archivioturi.lavocedelpaese.info\/index.php\/wp-json\/wp\/v2\/posts\/14189\/revisions"}],"wp:attachment":[{"href":"https:\/\/archivioturi.lavocedelpaese.info\/index.php\/wp-json\/wp\/v2\/media?parent=14189"}],"wp:term":[{"taxonomy":"category","embeddable":true,"href":"https:\/\/archivioturi.lavocedelpaese.info\/index.php\/wp-json\/wp\/v2\/categories?post=14189"},{"taxonomy":"post_tag","embeddable":true,"href":"https:\/\/archivioturi.lavocedelpaese.info\/index.php\/wp-json\/wp\/v2\/tags?post=14189"}],"curies":[{"name":"wp","href":"https:\/\/api.w.org\/{rel}","templated":true}]}}