{"id":14183,"date":"2016-05-30T07:33:59","date_gmt":"2016-05-30T07:33:59","guid":{"rendered":"https:\/\/archivioturi.lavocedelpaese.info\/index.php\/2016\/05\/30\/dof-amatori-punti-di-vista\/"},"modified":"2016-05-30T07:33:59","modified_gmt":"2016-05-30T07:33:59","slug":"dof-amatori-punti-di-vista","status":"publish","type":"post","link":"https:\/\/archivioturi.lavocedelpaese.info\/index.php\/2016\/05\/30\/dof-amatori-punti-di-vista\/","title":{"rendered":"D.O.F. Amatori? Punti di vista"},"content":{"rendered":"<p><img loading=\"lazy\" decoding=\"async\" src=\"https:\/\/c6.staticflickr.com\/8\/7073\/27247355621_b6641bf10e_n.jpg\" alt=\"DOF Race for Cure 2016 (1)\" height=\"240\" width=\"320\" \/><\/p>\n<p>&nbsp;<\/p>\n<p style=\"text-align: center;\"><span style=\"font-size: 12pt;\"><strong>Si \u00e8 corso a Porto Selvaggio ed a Bari<\/strong><\/span><\/p>\n<p style=\"text-align: justify;\">&nbsp;<\/p>\n<p style=\"text-align: justify;\">Domenica 22 maggio si \u00e8 svolto il <strong>Porto Selvaggio Natural Trail<\/strong>, gara competitiva di 14 km organizzata dalla Salento in Corsa di Veglie e dall&#8217;Associazione Sport Running Porto Selvaggio. Nonostante la concomitanza con altri appuntamenti agonistici in regione, e nonostante fosse una gara su percorso esclusivamente sterrato, la competizione ha visto ai nastri di partenza la partecipazione di ben 452 atleti provenienti da ogni parte della regione, ben ripagati dallo scenario meraviglioso del parco naturale in cui si \u00e8 svolta la competizione.<\/p>\n<p style=\"text-align: justify;\">Dopo circa un paio di km dalla partenza, ci si immetteva nella pineta del parco naturale ed iniziava la lunga serie di salite e discese, che non permettevano di stabilire un&#8217;andatura di gara in quanto i cambi di pendenza erano frequenti e repentini ed alcuni passaggi erano cos\u00ec impervi e stretti da non consentire di correre affiancati. La vittoria \u00e8 andata a Francesco Milella della Montedoro Noci; buona la prestazione del nostro <strong>Pierangelo Greco<\/strong>, 62\u00b0 al traguardo nonostante un errore nelle segnalazioni del percorso lo abbia fatto uscire fuori strada, allungando la gara per poi tornare sui suoi passi e riprendere la retta via.<\/p>\n<p style=\"text-align: justify;\">In concomitanza a Bari ennesima gara (pare che molti baresi stiano disdicendo l\u2019assicurazione della macchina). Questa volta \u00e8 la<strong> Race for the Cure<\/strong>, manifestazione per la lotta contro i tumori al seno. Gara di 5 km e passeggiata di 2 km. Sei i doffisti presenti e questa volta non ci annoiamo con classifiche, ma vogliamo condividere i pensieri e le emozioni che vivono e uniscono gli atleti, in questo caso particolare quelli della D.O.F. Amatori Turi.<\/p>\n<p><img loading=\"lazy\" decoding=\"async\" style=\"margin: 6px; float: left;\" src=\"https:\/\/c8.staticflickr.com\/8\/7788\/27247358831_8cb6b2a3df.jpg\" alt=\"DOF Race for Cure 2016 (3)\" height=\"467\" width=\"350\" \/><\/p>\n<p style=\"text-align: justify;\">Partendo in ordine sparso <strong>Cristina Rivetti<\/strong> scrive: \u00abSono partita velocissima pensando &#8220;sono solo 5 km che ci vuole&#8221; al 3 km mi serviva la bombola d`ossigeno&#8230; ad un certo punto mi spunta la \u2026.. (un amica di corse) alle spalle dicendo: &#8220;Ehi Cry facciamo un selfie?&#8221; ed io con la faccia storta ho cercato di sorridere&#8230; al 4 km il mio cervello si voleva ritirare, vedevo bambini, nonne, cani che mi superavano&#8230; ma sapevo che erano solo 5 km&#8230; non sono arrivata n\u00e9 prima n\u00e9 ultima ma ho fatto il mio personale 24\u201959\u201d, son soddisfazioni\u00bb.<\/p>\n<p style=\"text-align: justify;\">Dopo <strong>Franco Manzari<\/strong>, appagato per aver realizzato &#8220;il miglior tempo dell&#8217;anno&#8221;, \u00e8 il turno di Gianpiero Bianco, il nostro \u201cPatriota\u201d: \u00abSono partito subito a razzo come al solito e affianco a me c&#8217;erano i primo quattro pi\u00f9 un ragazzo nuovo che non era conosciuto e la mi sono detto &#8220;cus tra pic ava skattej\u201d e cos\u00ec fu\u2026. poi ho rallentato di proposito dato che il primo km lo fatto a 3\u201905\u201d e non sentivo la fatica. Al giro di boa si pu\u00f2 dire che avevo gi\u00e0 stilato la classifica dato che avanti c\u2019erano gi\u00e0 un 100 metri di distacco e dietro il vuoto. Per cui mi sono rilassato ma ho continuato a andare forte, dato che vedere un serpentone infinito davanti e io solo, mi faceva sentire divinamente bene. Dopo qualche bestemmia di troppo, visto che molti si buttavano sulla mia corsia, e terminato il lungo rettilineo, sono rimasto solo e la ho rallentato molto dicendo a me stesso: &#8220;e pure oggi mi sono salvato&#8221;. Giunto al traguardo la prima cosa che ho pensato \u00e8 stata &#8220;voglio un gelato (cornetto classico)&#8221; e ci\u00f2 avvenne!\u00bb.<\/p>\n<p style=\"text-align: justify;\">Arriva<strong> Paola<\/strong>, raccontando cos\u00ec la sua gara: \u00abDalla regia annunciano: &#8220;Al nastro di partenza, chi corre per la competitiva&#8221;. E penso: &#8220;Ma quale competitiva? Con un dolore cronico che mi perseguita da oltre un anno e l&#8217;assillo che non potr\u00f2 pi\u00f9 correre; piuttosto speriamo di finirli questi 5 km&#8230; meglio le retrovia. Poi vedo Cris tra le prime fila e istintivamente la raggiungo. Allo start, si parte e vedo che le gambe vanno e le lascio andare; accelero; ad ogni scricchiolio di anca un sussulto; rallento e penso: &#8220;Ora cedo, ora cedo&#8221;. No, non cedo. Oggi combatto anche io per ritornare a correre. Al km 3 mi dico che posso farcela, non sento pi\u00f9 le gambe, mi concentro sul fiato e raggiungo il gonfiabile, all&#8217;arrivo\u00bb.<\/p>\n<p style=\"text-align: justify;\">Perso <strong>Fiormarino<\/strong> nella lunga valanga rosa della gara, \u00e8 la volta di <strong>Aldo Mariani<\/strong>: \u00abUn sabato trascorso in gran parte al lavoro, giusto il tempo di arrivare a casa per una doccia e si parte con la famiglia per una festa di compleanno di 40 anni, si finisce alle 3 del giorno dopo e si va a letto alle 3,30 con la consapevolezza che alla gara ci sar\u00e0 da soffrire&#8230; Sveglia alle 6,30, colazione e via si parte per Bari. Dopo i soliti saluti, gli abbracci e i selfie, un leggero riscaldamento e come al solito si riesce a conquistare la prima fila. Sparo d&#8217;inizio e sono davanti a tutti e dietro solo ai top che lasci andare via, perch\u00e9 cosciente di non riuscire a mantenere il loro ritmo a lungo&#8230; Il primo km passa velocemente e col pensiero fisso di non eccedere sulla velocit\u00e0. Il secondo \u00e8 quello che ti aggiusta la media sui due e pensi che il 3\u201936\u201d \u00e8 il tempo previsto di chiusura, poi il giro di Boa&#8230; Un vento tiranno che ti spinge in senso opposto alla tua corsa, l&#8217;unica cosa bella i tanti batti cinque con tanti amici e il grido incitatorio di tanti del gruppo&#8230; Quarto Km&#8230;ti trovi da solo &#8230;gambe pesanti&#8230;Guardi il GPS e ti accorgi che sei a 3\u201950\u201d allora ti rendi conto che la stima prima della partenza si vanifica, ma non puoi farci nulla. Ti supera nel frangente anche un&#8217;atleta con molta scioltezza, e l\u00ec ti rendi conto che forse hai commesso qualche errore alla partenza. Poi chi ti sta davanti crolla improvvisamente, e l\u00ec ti rendi conto che non sei da solo a soffrire. Quinto Km, l&#8217;ultimo ma il pi\u00f9 lungo, interminabile, con le gambe a pezzi e il GPS che non cede a scendere sotto i 3\u201946\u201d&#8230; E allora pensi: &#8220;Facciamola finita, come va va&#8221;. E finalmente poi vedi lo striscione che ti fa ritrovare le ultime energie per finire&#8230; Amen\u00bb.<\/p>\n<p style=\"text-align: justify;\">Dopo questi commenti che dire\u2026 Ragazzi questa \u00e8 la corsa, fatta di mille sfumature, bella per la sua sofferenza, attraente perch\u00e9 puoi farla come vuoi o come meglio credi, l\u2019importante e che, comunque vada, ne esci vincitore.<\/p>\n<p><img loading=\"lazy\" decoding=\"async\" style=\"margin: 6px auto; display: block;\" src=\"https:\/\/c8.staticflickr.com\/8\/7722\/26711147503_8e47864391.jpg\" alt=\"DOF Race for Cure 2016 (2)\" height=\"360\" width=\"640\" \/><\/p>\n<p>&nbsp;<\/p>\n","protected":false},"excerpt":{"rendered":"<p><img loading=\"lazy\" decoding=\"async\" src=\"https:\/\/c6.staticflickr.com\/8\/7073\/27247355621_b6641bf10e_n.jpg\" alt=\"DOF Race for Cure 2016 (1)\" height=\"240\" width=\"320\" \/><\/p>\n","protected":false},"author":1,"featured_media":0,"comment_status":"open","ping_status":"closed","sticky":false,"template":"","format":"standard","meta":{"colormag_page_container_layout":"default_layout","colormag_page_sidebar_layout":"default_layout","footnotes":""},"categories":[5],"tags":[],"class_list":["post-14183","post","type-post","status-publish","format-standard","hentry","category-sport"],"_links":{"self":[{"href":"https:\/\/archivioturi.lavocedelpaese.info\/index.php\/wp-json\/wp\/v2\/posts\/14183","targetHints":{"allow":["GET"]}}],"collection":[{"href":"https:\/\/archivioturi.lavocedelpaese.info\/index.php\/wp-json\/wp\/v2\/posts"}],"about":[{"href":"https:\/\/archivioturi.lavocedelpaese.info\/index.php\/wp-json\/wp\/v2\/types\/post"}],"author":[{"embeddable":true,"href":"https:\/\/archivioturi.lavocedelpaese.info\/index.php\/wp-json\/wp\/v2\/users\/1"}],"replies":[{"embeddable":true,"href":"https:\/\/archivioturi.lavocedelpaese.info\/index.php\/wp-json\/wp\/v2\/comments?post=14183"}],"version-history":[{"count":0,"href":"https:\/\/archivioturi.lavocedelpaese.info\/index.php\/wp-json\/wp\/v2\/posts\/14183\/revisions"}],"wp:attachment":[{"href":"https:\/\/archivioturi.lavocedelpaese.info\/index.php\/wp-json\/wp\/v2\/media?parent=14183"}],"wp:term":[{"taxonomy":"category","embeddable":true,"href":"https:\/\/archivioturi.lavocedelpaese.info\/index.php\/wp-json\/wp\/v2\/categories?post=14183"},{"taxonomy":"post_tag","embeddable":true,"href":"https:\/\/archivioturi.lavocedelpaese.info\/index.php\/wp-json\/wp\/v2\/tags?post=14183"}],"curies":[{"name":"wp","href":"https:\/\/api.w.org\/{rel}","templated":true}]}}