{"id":14179,"date":"2016-05-26T13:27:47","date_gmt":"2016-05-26T13:27:47","guid":{"rendered":"https:\/\/archivioturi.lavocedelpaese.info\/index.php\/2016\/05\/26\/pasticcioni-e-irresponsabili-andate-a-zappare\/"},"modified":"2016-05-26T13:27:47","modified_gmt":"2016-05-26T13:27:47","slug":"pasticcioni-e-irresponsabili-andate-a-zappare","status":"publish","type":"post","link":"https:\/\/archivioturi.lavocedelpaese.info\/index.php\/2016\/05\/26\/pasticcioni-e-irresponsabili-andate-a-zappare\/","title":{"rendered":"Pasticcioni e irresponsabili! Andate a zappare!"},"content":{"rendered":"<p><img loading=\"lazy\" decoding=\"async\" src=\"https:\/\/c8.staticflickr.com\/8\/7276\/27181050135_fa79c20f5c_n.jpg\" alt=\"Il Sindaco alla manifestazione Uniti per la legalit\u00e0\" height=\"320\" width=\"214\" \/><\/p>\n<p style=\"text-align: center;\"><span style=\"font-size: 12pt;\"><strong><br \/><\/strong><\/span><\/p>\n<p style=\"text-align: center;\"><span style=\"font-size: 12pt;\"><strong>Paolo Tundo scatenato contro l\u2019Amministrazione Coppi ormai allo sbando totale. E Menino va da Renzi in piumino\u2026<\/strong><\/span><\/p>\n<p style=\"text-align: justify;\">&nbsp;<\/p>\n<p style=\"text-align: justify;\">Una riunione di capigruppo infuocata, esplosa in un duro confronto-scontro tra il consigliere di opposizione Paolo Tundo e il sindaco Coppi. Marted\u00ec 17 maggio \u00e8 stato un mezzogiorno di fuoco.<\/p>\n<p style=\"text-align: justify;\">La riunione si \u00e8 conclusa con la data fissata del Consiglio comunale, che sar\u00e0 celebrato il <strong>7 giugno<\/strong> e si andr\u00e0 in seconda convocazione, poich\u00e9 coi numeri si sta traballando. <strong>Probabilmente sar\u00e0 l\u2019ultimo Consiglio per questa disastrosa giunta, poi si proceder\u00e0 al rimpasto anticipato<\/strong>. L\u2019estate calda sar\u00e0 solo un venticello, perch\u00e9 a scaldarsi saranno le poltrone da occupare e gli equilibri da ridisegnare, pur di conservare a tutti i costi il potere. Due anni di inutile \u2013 anzi dannosa \u2013 amministrazione Coppi, in un paese dove la politica conserva ancora la sua dignit\u00e0, sarebbero bastati per andare a casa. E invece no, \u201cThe show must go on\u201d: dopo le inchieste della magistratura sul ponte che sta facendo ridere tutto il Sud Est barese e le denunce sull\u2019antenna in via Mola, cos\u2019altro deve accadere?<\/p>\n<p style=\"text-align: justify;\">&nbsp;<\/p>\n<p style=\"text-align: justify;\">\u201cPasticcioni. Vergognatevi. Andate a zappare!\u201d. Tundo esce cos\u00ec da via XX Settembre, dopo la riunione dei capigruppo. \u00c8 seriamente furioso. Il consigliere chiede <strong>maggiore sicurezza sulla questione degli extracomunitari<\/strong> e della raccolta ciliegie. Le sue proposte sono state gentilmente cestinate, come accadde per il ponte e per l\u2019antenna.<\/p>\n<p style=\"text-align: justify;\">\u201cNon hanno risolto affatto questo pasticcio \u2013 protesta \u2013 vogliono portare questi cinquanta extracomunitari nella scuola materna di via Casamassima, struttura inagibile e interessata dal dissesto idrogeologico. Nessuno intende fare chiarezza sullo status di questi migranti, che fino a prova contraria potrebbero essere terroristi, ladri, spacciatori. E i fenomeni criminosi in questi giorni si sono intensificati. Sono sparite biciclette e sono accadute cose strane\u201d.<\/p>\n<p style=\"text-align: justify;\">Razzismo? \u201cNo \u2013 chiarisce Tundo \u2013 a dimostrazione del fatto che io non sia razzista ci sono<strong> le proposte che ho fatto all\u2019Amministrazione Coppi, tutte ignorate<\/strong>. Proposte che puntano a garantire sia la sicurezza dei turesi, che la dignit\u00e0 di questi extracomunitari, che spesso lavorano a quattro soldi, senza garanzie, senza segnalazione alle autorit\u00e0, sfruttati dai proprietari dei campi. Tutto a discapito dei nostri lavoratori, oltre che della dignit\u00e0 e del buonsenso\u201d.<\/p>\n<p style=\"text-align: justify;\">\u201cSe solo ci tenessero a questi contadini \u2013 osserva il consigliere \u2013 non li \u2018parcheggerebbero\u2019 nei container al posto del parco giochi di una scuola a rischio crollo e senza pareri. In quei container faranno doccia e pip\u00ec. Potranno lavorare sfruttati e sottocosto alloggiando a spese dei turesi, come al solito cornuti e mazziati\u201d.<\/p>\n<p style=\"text-align: justify;\">L\u2019esponente di minoranza fa sapere che informer\u00e0 tutte le autorit\u00e0, i Comandi dei Carabinieri di Gioia e di Turi, quindi il comandante Sacchetti, persino la Finanza di Bari. Vuole vederci chiaro, vuol capire se i cittadini turesi sono al sicuro. In poche parole, Tundo propone di farli \u2018smammare\u2019 fuori dal centro abitato.<\/p>\n<p style=\"text-align: justify;\">A proposito di segnalazioni alle Autorit\u00e0 e alla magistratura, alcuni pezzi non tornano\u2026 Infatti, non tutta l\u2019opposizione avrebbe condiviso e firmato le denunce depositate su alcuni dei tanti disastri procurati da questa Amministrazione. Se l\u2019opposizione si divide, bisogner\u00e0 resistere fino alla fine del mandato, con tutte le gravi conseguenze che ne derivano da una gestione amministrativa inesistente, inefficiente, inerte, che agisce senza alcuna programmazione, controllo o indirizzo politico.<\/p>\n<p style=\"text-align: justify;\">\u201cA riguardo \u2013 osserva Tundo \u2013 facciano subito il rimpasto perch\u00e9 cos\u00ec non se ne pu\u00f2 pi\u00f9\u201d.<\/p>\n<p style=\"text-align: justify;\">&nbsp;<\/p>\n<p style=\"text-align: justify;\"><strong>Che bilancio ci aspetteremo in Consiglio?<\/strong> \u201cUn avanzo di 2,3 milioni di euro dopo aver tartassato i turesi, ma di contro abbiamo una amministrazione incapace di spenderli e di programmare opere. Non si riesce a fare una rotatoria urgente come quella di via Casamassima, un tratto pericolosissimo. Dei bandi per gli alloggi popolari non ne parliamo. Trovano sempre scuse su qualsiasi cosa, sono pasticcioni, giocano a scaricabarile come i bambini, perci\u00f2 sono degli irresponsabili e dannosi per la comunit\u00e0\u201d.<\/p>\n<p style=\"text-align: justify;\">Intanto, marted\u00ec 17 maggio il premier Renzi ha incontrato i sindaci della Citt\u00e0 Metropolitana, il presidente Decaro e il governatore Emiliano. Tutti i sindaci, compreso il premier, hanno firmato il <strong>Patto per lo sviluppo della Citt\u00e0 Metropolitana di Bari<\/strong>. Significa che sono stati assicurati 230 milioni di euro per opere nei 41 comuni della ex provincia di Bari. Turi non c\u2019\u00e8, non conta nulla, non ha un programma chiaro, non si sa come &#8211; e per cosa &#8211; intende spendere dei soldi che altri comuni gi\u00e0 hanno messo in cantiere.<\/p>\n<p style=\"text-align: justify;\">Tutti i sindaci soddisfatti, Menino ha firmato con indosso il solito piumino\u2026 ormai per tutte le stagioni e le situazioni. Turi non conta nulla neppure in un patto ribattezzato del \u201cpanzerotto\u201d.&nbsp;<\/p>\n","protected":false},"excerpt":{"rendered":"<p><img loading=\"lazy\" decoding=\"async\" src=\"https:\/\/c8.staticflickr.com\/8\/7276\/27181050135_fa79c20f5c_n.jpg\" alt=\"Il Sindaco alla manifestazione Uniti per la legalit\u00e0\" height=\"320\" width=\"214\" \/><\/p>\n","protected":false},"author":1,"featured_media":0,"comment_status":"open","ping_status":"closed","sticky":false,"template":"","format":"standard","meta":{"colormag_page_container_layout":"default_layout","colormag_page_sidebar_layout":"default_layout","footnotes":""},"categories":[4],"tags":[],"class_list":["post-14179","post","type-post","status-publish","format-standard","hentry","category-politica"],"_links":{"self":[{"href":"https:\/\/archivioturi.lavocedelpaese.info\/index.php\/wp-json\/wp\/v2\/posts\/14179","targetHints":{"allow":["GET"]}}],"collection":[{"href":"https:\/\/archivioturi.lavocedelpaese.info\/index.php\/wp-json\/wp\/v2\/posts"}],"about":[{"href":"https:\/\/archivioturi.lavocedelpaese.info\/index.php\/wp-json\/wp\/v2\/types\/post"}],"author":[{"embeddable":true,"href":"https:\/\/archivioturi.lavocedelpaese.info\/index.php\/wp-json\/wp\/v2\/users\/1"}],"replies":[{"embeddable":true,"href":"https:\/\/archivioturi.lavocedelpaese.info\/index.php\/wp-json\/wp\/v2\/comments?post=14179"}],"version-history":[{"count":0,"href":"https:\/\/archivioturi.lavocedelpaese.info\/index.php\/wp-json\/wp\/v2\/posts\/14179\/revisions"}],"wp:attachment":[{"href":"https:\/\/archivioturi.lavocedelpaese.info\/index.php\/wp-json\/wp\/v2\/media?parent=14179"}],"wp:term":[{"taxonomy":"category","embeddable":true,"href":"https:\/\/archivioturi.lavocedelpaese.info\/index.php\/wp-json\/wp\/v2\/categories?post=14179"},{"taxonomy":"post_tag","embeddable":true,"href":"https:\/\/archivioturi.lavocedelpaese.info\/index.php\/wp-json\/wp\/v2\/tags?post=14179"}],"curies":[{"name":"wp","href":"https:\/\/api.w.org\/{rel}","templated":true}]}}