{"id":14177,"date":"2016-05-26T07:22:11","date_gmt":"2016-05-26T07:22:11","guid":{"rendered":"https:\/\/archivioturi.lavocedelpaese.info\/index.php\/2016\/05\/26\/lavoratori-stagionali-iniziano-i-problemi\/"},"modified":"2016-05-26T07:22:11","modified_gmt":"2016-05-26T07:22:11","slug":"lavoratori-stagionali-iniziano-i-problemi","status":"publish","type":"post","link":"https:\/\/archivioturi.lavocedelpaese.info\/index.php\/2016\/05\/26\/lavoratori-stagionali-iniziano-i-problemi\/","title":{"rendered":"Lavoratori stagionali, iniziano i problemi"},"content":{"rendered":"<p><img loading=\"lazy\" decoding=\"async\" src=\"https:\/\/c1.staticflickr.com\/8\/7726\/27114498872_0a01fbbf5d_n.jpg\" alt=\"lavoratori stagionali 2016\" height=\"240\" width=\"320\" \/><\/p>\n<p>&nbsp;<\/p>\n<p style=\"text-align: justify;\">Arrivano le ciliegie (anche se poche finora) e arrivano i lavoratori stagionali immigrati, questo ormai a Turi \u00e8 un dato di fatto su cui non si discute. Rispetto agli anni scorsi per\u00f2, avendo un po\u2019 di esperienza alle spalle, ci si aspetta che la questione venga gestita meglio dall\u2019Amministrazione.<\/p>\n<p style=\"text-align: justify;\">Per il momento c\u2019\u00e8 ancora poco bisogno di manodopera, quindi il problema risulta abbastanza contenibile anche grazie al controllo capillare delle Forze dell&#8217;Ordine. Difatti, i Carabinieri, in collaborazione con la Polizia Municipale, stanno periodicamente effettuando i dovuti controlli in questi piccoli \u201ccampi\u201d costituiti da due o tre auto.<\/p>\n<p style=\"text-align: justify;\">Il 17 maggio sono intervenuti presso il cimitero, dove i lavoratori stagionali avevano \u201coccupato\u201d il deposito del carro trionfale per ripararsi dalla pioggia. Lo scopo dei controlli \u00e8 quello di verificare la regolarit\u00e0 del permesso di soggiorno &#8211; finora non \u00e8 stato trovato nessun lavoratore irregolare &#8211; e far capire a queste persone che \u00e8 necessario comportarsi in maniera civile, evitando il ripetersi di circostanze simili a quelle dell\u2019anno scorso, cosicch\u00e9 nessuno si metta a dormire nel bel mezzo di un giardino pubblico.<\/p>\n<p style=\"text-align: justify;\">Nonostante tutto, a largo Pozzi, come potete vedere in foto, qualcuno ha gi\u00e0 iniziato a sistemarsi, improvvisando un &#8220;campeggio&#8221; con tanto di tenda al seguito. \u00c8 una situazione che richiede interventi chiari e precisi, prima di tutto da parte del governo cittadino.<\/p>\n<p style=\"text-align: right;\"><strong><br \/><\/strong><\/p>\n","protected":false},"excerpt":{"rendered":"<p><img loading=\"lazy\" decoding=\"async\" src=\"https:\/\/c1.staticflickr.com\/8\/7726\/27114498872_0a01fbbf5d_n.jpg\" alt=\"lavoratori stagionali 2016\" height=\"240\" width=\"320\" \/><\/p>\n","protected":false},"author":1,"featured_media":0,"comment_status":"open","ping_status":"closed","sticky":false,"template":"","format":"standard","meta":{"colormag_page_container_layout":"default_layout","colormag_page_sidebar_layout":"default_layout","footnotes":""},"categories":[8],"tags":[],"class_list":["post-14177","post","type-post","status-publish","format-standard","hentry","category-cronaca"],"_links":{"self":[{"href":"https:\/\/archivioturi.lavocedelpaese.info\/index.php\/wp-json\/wp\/v2\/posts\/14177","targetHints":{"allow":["GET"]}}],"collection":[{"href":"https:\/\/archivioturi.lavocedelpaese.info\/index.php\/wp-json\/wp\/v2\/posts"}],"about":[{"href":"https:\/\/archivioturi.lavocedelpaese.info\/index.php\/wp-json\/wp\/v2\/types\/post"}],"author":[{"embeddable":true,"href":"https:\/\/archivioturi.lavocedelpaese.info\/index.php\/wp-json\/wp\/v2\/users\/1"}],"replies":[{"embeddable":true,"href":"https:\/\/archivioturi.lavocedelpaese.info\/index.php\/wp-json\/wp\/v2\/comments?post=14177"}],"version-history":[{"count":0,"href":"https:\/\/archivioturi.lavocedelpaese.info\/index.php\/wp-json\/wp\/v2\/posts\/14177\/revisions"}],"wp:attachment":[{"href":"https:\/\/archivioturi.lavocedelpaese.info\/index.php\/wp-json\/wp\/v2\/media?parent=14177"}],"wp:term":[{"taxonomy":"category","embeddable":true,"href":"https:\/\/archivioturi.lavocedelpaese.info\/index.php\/wp-json\/wp\/v2\/categories?post=14177"},{"taxonomy":"post_tag","embeddable":true,"href":"https:\/\/archivioturi.lavocedelpaese.info\/index.php\/wp-json\/wp\/v2\/tags?post=14177"}],"curies":[{"name":"wp","href":"https:\/\/api.w.org\/{rel}","templated":true}]}}