{"id":14139,"date":"2016-05-09T09:41:14","date_gmt":"2016-05-09T09:41:14","guid":{"rendered":"https:\/\/archivioturi.lavocedelpaese.info\/index.php\/2016\/05\/09\/quando-larte-si-fa-social\/"},"modified":"2016-05-09T09:41:14","modified_gmt":"2016-05-09T09:41:14","slug":"quando-larte-si-fa-social","status":"publish","type":"post","link":"https:\/\/archivioturi.lavocedelpaese.info\/index.php\/2016\/05\/09\/quando-larte-si-fa-social\/","title":{"rendered":"Quando l\u2019arte si fa \u201csocial\u201d"},"content":{"rendered":"<p><a title=\"DSC_0071_rid\" href=\"https:\/\/www.flickr.com\/photos\/91470992@N02\/26805131521\/in\/dateposted-public\/\" data-flickr-embed=\"true\"><img loading=\"lazy\" decoding=\"async\" src=\"https:\/\/farm8.staticflickr.com\/7158\/26805131521_5fbdc8523a_n.jpg\" alt=\"DSC_0071_rid\" width=\"320\" height=\"213\" \/><\/a><\/p>\n<p style=\"text-align: justify;\"><em>\u201cOra li frego io quei bastardi\u201d,&nbsp;pens\u00f2 Mauro. Guard\u00f2 l\u2019orologio e sorrise. Le nove meno dieci. Avrebbe avuto la sala riunioni a disposizione per almeno mezz\u2019ora. Tutto il tempo per prepararsi all\u2019incontro. Era un piccolo ma sostanzioso vantaggio psicologico: gli&nbsp;altri sarebbero stati costretti a entrare in casa sua chiedendo permesso, e non viceversa.<\/em><\/p>\n<p style=\"text-align: justify;\"><em>Apr\u00ec la porta della sala e si blocc\u00f2: erano gi\u00e0 l\u00ec, tutti e quattro. \u201cMaledetti figli di puttana\u201d.<\/em><\/p>\n<p><a title=\"DSC_0068_rid\" href=\"https:\/\/www.flickr.com\/photos\/91470992@N02\/26805126121\/in\/dateposted-public\/\" data-flickr-embed=\"true\"><img loading=\"lazy\" decoding=\"async\" src=\"https:\/\/farm8.staticflickr.com\/7338\/26805126121_eb074b46ef_n.jpg\" alt=\"DSC_0068_rid\" width=\"320\" height=\"213\" style=\"float: right;\" \/><\/a><\/p>\n<p style=\"text-align: justify;\"><em>\u00abMauro, buongiorno\u2026\u00bb Antonio sorrise, mostrando il diamante incastonato nel canino, che probabilmente&nbsp;pensava gli desse un\u2019aria&nbsp;cool&nbsp;e invece lo faceva solo sembrare un coglione. Grazie&nbsp;all\u2019evidente uso di&nbsp;lampade, la pelle era del colore del cuoio conciato. \u00abEntra, siediti.\u00bb<\/em><\/p>\n<p style=\"text-align: justify;\"><em>Stefano, Luca e Sante lo guardarono con quella che gli parve una punta di divertimento intinta nell\u2019acido.<\/em><\/p>\n<p style=\"text-align: justify;\"><em>\u00abA che ora era la riunione?\u00bb sent\u00ec&nbsp;se stesso&nbsp;chiedere, pentendosene immediatamente. \u201cStupido, stupido, stupido\u2026\u201d.<\/em><\/p>\n<p style=\"text-align: justify;\"><em>\u00abAlle otto e mezza. Pensavamo non venissi pi\u00f9.\u00bb<\/em><\/p>\n<p style=\"text-align: justify;\"><em>\u00abLa&nbsp;email che mi hai mandato la settimana scorsa,&nbsp;diceva&nbsp;alle nove e mezza.\u00bb<\/em><\/p>\n<p style=\"text-align: justify;\"><em>\u00abAbbiamo cambiato l\u2019orario ieri. Non hai ricevuto la&nbsp;email?\u00bb<\/em><\/p>\n<p style=\"text-align: justify;\"><em>\u00abNon ho ricevuto niente.\u00bb Stava per dire un cazzo, ma riusc\u00ec a controllarsi.<\/em><\/p>\n<p style=\"text-align: justify;\"><em>Antonio si volt\u00f2 verso Sante:&nbsp;\u00abMa non gliel\u2019hai spedita?\u00bb.<\/em><\/p>\n<p style=\"text-align: justify;\"><em>Sante scroll\u00f2 le spalle. \u00abGuarda che dovevi mandargliela tu. Eravamo rimasti d\u2019accordo cos\u00ec.\u00bb<\/em><\/p>\n<p style=\"text-align: justify;\"><em>Antonio si volt\u00f2 verso&nbsp;di lui&nbsp;e sorrise ancora. Il diamante brill\u00f2 per un attimo sotto le luci al neon. \u00abScusa, colpa mia. Dai, entra e siediti, tanto finora,&nbsp;a parte prendere un caff\u00e8,&nbsp;non abbiamo fatto niente di importante. Tu lo vuoi?\u00bb<\/em><\/p>\n<p style=\"text-align: justify;\"><em>L\u2019ultima domanda&nbsp;lo&nbsp;spiazz\u00f2. \u00abTu lo vuoi,&nbsp;cosa?\u00bb<\/em><\/p>\n<p style=\"text-align: justify;\"><em>\u00abIl caff\u00e8.\u00bb Scintillio di diamante, risatine nel gruppo. \u201cMaledetti, maledetti, maledetti bastardi\u201d.<\/em><\/p>\n<p style=\"text-align: justify;\"><em>\u00abAllora, la situazione, per quanto ne sappiamo al momento, \u00e8 questa: andiamo contro Masterchef.\u00bb<\/em><\/p>\n<p style=\"text-align: justify;\"><em>Antonio fin\u00ec di parlare e si guard\u00f2 attorno, osservando ciascuno degli altri per tre secondi esatti, cronometrati. \u201cUna tecnica imparata in qualcuno dei suoi master del cazzo\u201d, pens\u00f2 Mauro.<\/em><\/p>\n<p style=\"text-align: justify;\"><em>\u00ab\u2019orca troia\u00bb mormor\u00f2 Luca, masticando le parole. Aveva davanti un blocco da disegno e una serie di matite, tutte perfettamente appuntite.<\/em><\/p>\n<p style=\"text-align: justify;\"><em>\u00abHanno gi\u00e0 confermato i palinsesti?\u00bb chiese Sante, carezzando l\u2019iPad mini con le dita tozze. Aveva mani enormi.<\/em><\/p>\n<p style=\"text-align: justify;\">Questo \u00e8 l\u2019estratto del primo capitolo del libro &#8220;BestSeller &#8211; Cronaca di una vendetta&#8221; &#8211; Edizioni Il Viandante, che ha dato vita a un genere completamente nuovo: il romanzo sinergico, frutto dei social network, dell\u2019era digitale e di dieci menti creative, tra le quali si distingue anche una nostra concittadina, la giovane turese Mirta Lerede.<\/p>\n<p style=\"text-align: justify;\">\u201cLa storia di questo insolito romanzo \u2013 ci spiega la Lerede \u2013 inizia 3 anni fa, quando, insieme al altri 9 autori provenienti da ogni parte d&#8217;Italia, ho iniziato a scrivere un romanzo, liberamente ispirato alla trasmissione \u2018Masterpiece\u2019 prodotta da Rai 3, il primo talent letterario mai realizzato, alla quale avevo partecipato senza arrivare alla fase finale. Noi dieci autori non ci siamo mai conosciuti di persona, ma solo \u2018virtualmente\u2019, frequentando un gruppo Facebook di aspiranti scrittori e collaborando solo grazie a Social Network, Dropbox, Whatsapp ed email, in modo assolutamente democratico. Ci siamo incontrati alla prima di presentazione del libro, avvenuta a Manoppello Scale (Pescara), il 23 aprile scorso. Abbiamo infatti pubblicato, grazie all&#8217;intervento di una casa editrice indipendente abruzzese, che non ci ha chiesto alcun contributo per la pubblicazione, un libro dal titolo \u2018BestSeller &#8211; Cronaca di una vendetta\u2019, primo Romanzo Sinergico della letteratura italiana. \u2018BestSeller\u2019 infatti, non \u00e8 un romanzo a episodi, n\u00e9 un romanzo staffetta ma, per usare le parole di Franco Bolelli (collaboratore di Lorenzo Jovanotti Cherubini), che ne ha scritto la prefazione, \u00e8 un libro \u2018vero\u2019, che solo dieci anni fa non sarebbe stato possibile realizzare\u201d.<\/p>\n<p style=\"text-align: justify;\">Perch\u00e9 leggere \u2018BestSeller?\u2019 \u2013 le chiediamo. \u201cPerch\u00e9 \u00e8 un esperimento \u2013 ci spiega \u2013 un romanzo scritto a venti mani in cui, grazie all\u2019apporto di dieci autori diversi, i personaggi risultano vivi e tridimensionali. Inoltre credo che la tematica della \u2018scrittura social\u2019, \u2018sinergica\u2019 e quindi \u2018condivisa\u2019, sia pi\u00f9 attuale che mai, considerato che si tratta di una creatura unica in cui le 20 mani diventano appena percepibili, donando al testo un valore aggiunto, poich\u00e9 commistione di stili amalgamati in un gradevole <em>pout-pourri<\/em>. La storia, ambientata negli studi dell&#8217;emittente televisiva &#8220;Real Life TV&#8221;, si compone di differenti registri narrativi, con una leggera dominanza di \u2018giallo\u2019, che conducono il lettore verso un finale ad alta tensione, imprevedibile e spiazzante\u201d.<\/p>\n<p style=\"text-align: justify;\">La presentazione ufficiale del libro \u00e8 avvenuta il 23 aprile a Manoppello (Pescara). &#8220;BestSeller &#8211; Cronaca di una vendetta&#8221; \u00e8 su Facebook, alla pagina <a href=\"https:\/\/m.facebook.com\/bestsellercronacadiunavendetta\/?ref=bookmarks\" target=\"_blank\" rel=\"noopener\">https:\/\/m.facebook.com\/bestsellercronacadiunavendetta\/?ref=bookmarks<\/a>. \u00c8 possibile prenotarne una copia inviando una mail <a href=\"mailto:&lt;a%20href=\" target=\"_blank\" rel=\"noopener\">edizioniilviandante@gmail.com<\/a>&#8220;.<\/p>\n","protected":false},"excerpt":{"rendered":"<p><a title=\"DSC_0071_rid\" href=\"https:\/\/www.flickr.com\/photos\/91470992@N02\/26805131521\/in\/dateposted-public\/\" data-flickr-embed=\"true\"><img loading=\"lazy\" decoding=\"async\" src=\"https:\/\/farm8.staticflickr.com\/7158\/26805131521_5fbdc8523a_n.jpg\" alt=\"DSC_0071_rid\" width=\"320\" height=\"213\" \/><\/a><\/p>\n","protected":false},"author":1,"featured_media":0,"comment_status":"open","ping_status":"closed","sticky":false,"template":"","format":"standard","meta":{"colormag_page_container_layout":"default_layout","colormag_page_sidebar_layout":"default_layout","footnotes":""},"categories":[6],"tags":[],"class_list":["post-14139","post","type-post","status-publish","format-standard","hentry","category-cultura"],"_links":{"self":[{"href":"https:\/\/archivioturi.lavocedelpaese.info\/index.php\/wp-json\/wp\/v2\/posts\/14139","targetHints":{"allow":["GET"]}}],"collection":[{"href":"https:\/\/archivioturi.lavocedelpaese.info\/index.php\/wp-json\/wp\/v2\/posts"}],"about":[{"href":"https:\/\/archivioturi.lavocedelpaese.info\/index.php\/wp-json\/wp\/v2\/types\/post"}],"author":[{"embeddable":true,"href":"https:\/\/archivioturi.lavocedelpaese.info\/index.php\/wp-json\/wp\/v2\/users\/1"}],"replies":[{"embeddable":true,"href":"https:\/\/archivioturi.lavocedelpaese.info\/index.php\/wp-json\/wp\/v2\/comments?post=14139"}],"version-history":[{"count":0,"href":"https:\/\/archivioturi.lavocedelpaese.info\/index.php\/wp-json\/wp\/v2\/posts\/14139\/revisions"}],"wp:attachment":[{"href":"https:\/\/archivioturi.lavocedelpaese.info\/index.php\/wp-json\/wp\/v2\/media?parent=14139"}],"wp:term":[{"taxonomy":"category","embeddable":true,"href":"https:\/\/archivioturi.lavocedelpaese.info\/index.php\/wp-json\/wp\/v2\/categories?post=14139"},{"taxonomy":"post_tag","embeddable":true,"href":"https:\/\/archivioturi.lavocedelpaese.info\/index.php\/wp-json\/wp\/v2\/tags?post=14139"}],"curies":[{"name":"wp","href":"https:\/\/api.w.org\/{rel}","templated":true}]}}