{"id":14132,"date":"2016-05-09T11:24:36","date_gmt":"2016-05-09T11:24:36","guid":{"rendered":"https:\/\/archivioturi.lavocedelpaese.info\/index.php\/2016\/05\/09\/antenna-di-via-mola-i-dubbi-dei-cittadini\/"},"modified":"2016-05-09T11:24:36","modified_gmt":"2016-05-09T11:24:36","slug":"antenna-di-via-mola-i-dubbi-dei-cittadini","status":"publish","type":"post","link":"https:\/\/archivioturi.lavocedelpaese.info\/index.php\/2016\/05\/09\/antenna-di-via-mola-i-dubbi-dei-cittadini\/","title":{"rendered":"Antenna di via Mola, i dubbi dei cittadini"},"content":{"rendered":"<p><a data-flickr-embed=\"true\" href=\"https:\/\/www.flickr.com\/photos\/91470992@N02\/26802846121\/in\/dateposted-public\/\" title=\"Via Mola. Sito di impianto\"><img loading=\"lazy\" decoding=\"async\" src=\"https:\/\/farm8.staticflickr.com\/7315\/26802846121_6b31a977f9_n.jpg\" width=\"320\" height=\"240\" alt=\"Via Mola. Sito di impianto\" \/><\/a><\/p>\n<p style=\"text-align: justify;\">I lavori sono fermi ormai da qualche settimana. Sistemata la linea elettrica, al basamento non \u00e8 seguita altra operazione e, come necessario in questi casi, sono partiti controlli e verifiche da pi\u00f9 parti, come anche additamenti e colpevolizzazioni che si rimbalzano da destra a sinistra, dopo il grido d\u2019allarme lanciato dai cittadini turesi.<\/p>\n<p style=\"text-align: justify;\">Chi non ricorda quanto commentato in sede di Consiglio Comunale sull\u2019argomento? \u201c\u00c8 tutto in regola\u201d \u2013 ha licenziato l\u2019ingegnere comunale, presto sostenuto dall\u2019Assessore ai Lavori Pubblici, Camposeo, anche lui sicuro della regolarit\u00e0 dei permessi e delle autorizzazioni in merito.<\/p>\n<p style=\"text-align: justify;\">Ma allora, quanto lamentato dai cittadini \u00e8 solo un capriccio? Oppure \u00e8 frutto di un\u2019osservazione delle carte, delle misure e della stessa disposizione del terreno nella zona?<\/p>\n<p style=\"text-align: justify;\">\u201cIl basamento prima, e il traliccio poi, sono stati pensati proprio in quella zona che il PUG indica come zona a rischio!\u201d \u2013 commentano aspramente alcuni cittadini, rilanciando le parole ascoltate in Consiglio Comunale. \u201cPerch\u00e9 \u2013aggiungono \u2013 distruggere una lama, forse la pi\u00f9 importante, per un impianto di telefonia?\u201d. \u201cPerch\u00e9 difendere un\u2019installazione che non \u00e8 effettivamente regolare?\u201d. \u201cPerch\u00e9 l\u2019ingegnere comunale si \u00e8 limitato a considerare solo il parere (non concessione) dell\u2019Arpa?\u201d.<\/p>\n<p style=\"text-align: justify;\">Ma facciamo un passo indietro e fermiamoci a prendere in considerazione le \u201cRegole per l\u2019Insediamento urbanistico degli impianti di telefonia mobile e similari ed antenne emittenti radiotelevisive\u201d (9 marzo 2005). Qui leggiamo come il nostro Comune abbia delle norme ben precise in materia di installazione. Vediamo in dettaglio. \u201cPer l\u2019installazione di un impianto, al fine di contenere l\u2019impatto visivo, \u00e8 necessario adottare le migliori tecniche disponibili, valutabili dai tecnici comunali, per inserire l\u2019intervento in modo ottimale nel contesto ambientale e paesaggistico. Nel caso in cui l\u2019impianto oggetto di richiesta di installazione e\/o di modifica presenta, a giudizio del Sindaco, notevole impatto paesistico e\/o ambientale, il Comune pu\u00f2 sottoporre l\u2019installazione dell\u2019impianto a permesso di costruire. Nel caso in cui il sito oggetto di richiesta di installazione e la configurazione strutturale ed architettonica dell\u2019impianto risultano gi\u00e0 previsti nel piano di insediamento comunale, nel piano annuale di installazione e nel piano stralcio comunale di cui all\u2019art. 7 della L.R. n. 5\/2002, debitamente approvati, il gestore pu\u00f2 procedere, in luogo dell\u2019autorizzazione, con la presentazione al Comune della Dichiarazione di Inizio Attivit\u00e0 (DIA). L\u2019autorizzazione \u2013 si legge nella delibera \u2013 il permesso di costruire ovvero la DIA, verranno rilasciate dall\u2019Ufficio Edilizia Privata, previo nulla-osta dell\u2019ARPA &#8211; Regione Puglia, ente individuato quale Autorit\u00e0 competente all\u2019espletamento delle procedure di V.I.A. (Valutazione Impatto Ambientale) e, comunque, subordinatamente all\u2019acquisizione preventiva, a cura e spese del richiedente, del nulla-osta dell\u2019A.U.S.L. BA\/5 e del parere favorevole dell\u2019ISPESL del Dipartimento di Bari. Tale parere dovr\u00e0 essere formulato con la valutazione dell\u2019esposizione della popolazione al campo elettromagnetico, tenendo conto del valore del fondo elettromagnetico preesistente nel sito scelto e del contributo dovuto alla specifica stazione radio base, nelle condizioni di massimo carico di esercizio e di massima potenzialit\u00e0 prevista. Il parere dovr\u00e0 contenere, inoltre, la valutazione del rispetto dei limiti di inquinamento acustico per le emissioni di rumore causate dall\u2019impianto all\u2019interno degli edifici\u201d.<\/p>\n<p style=\"text-align: justify;\">Chiare le disposizioni presenti nel regolamento che, continua, nell\u2019Art. 5 comma 3: \u201cPer le finalit\u00e0 dinanzi illustrate, il Comune entro 90 giorni dall\u2019approvazione del presente regolamento, provvede ad adottare il &#8216;Piano di installazione comunale&#8217;, individuando le propriet\u00e0 immobiliari del Comune o le zone ritenute idonee ad ospitare gli impianti. Le concessioni di aree comunali all\u2019interno del &#8216;Piano di Installazione Comunale&#8217; saranno regolate da apposita convenzione e dovranno prevedere la corresponsione di un canone annuale, calcolato tenendo conto dei prezzi di mercato, che sar\u00e0 destinato allo svolgimento di campagne di controllo o divulgative, di informazioni di natura ambientale o sanitaria in materia di inquinamento elettromagnetico\u201d. Quindi prosegue al punto 7: \u201cLa localizzazione degli impianti nelle zone soggette a vincoli ambientali ex D.Lgs. n. 42\/2004 soggiace all&#8217;autorizzazione da parte degli Enti preposti e alle relative condizioni e\/o prescrizioni indicate nelle medesime autorizzazioni\u201d.<\/p>\n<p style=\"text-align: justify;\">Quanto, di tale regolamento, ci chiediamo, sia stato compiuto in merito all\u2019antenna in via Mola?<\/p>\n<p style=\"text-align: justify;\">A questo, possiamo per\u00f2 aggiungere un\u2019osservazione derivata dal PUG. La zona citata subir\u00e0 un allargamento e ha avuto un ampliamento con una zona di rispetto di 30 metri. Tale zona \u00e8 disposta a fianco a quella con vincolo idrogeologico, che si sovrappone all\u2019area di rispetto di circa 2 metri. Il basamento pare essere stato realizzato proprio in tale zona, che a vista appare essere la parte pi\u00f9 bassa dell\u2019intera area. Perch\u00e9 il traliccio \u00e8 stato posizionato l\u00ec? Perch\u00e9 insistono, piuttosto, che l\u2019area interessata non \u00e8 vincolata? Inoltre, il PUG prevede una zona di erosione che ricade allo stesso tempo nell\u2019area interessata ai lavori. \u201cPerch\u00e9 ci dicono che \u00e8 tutto in regola? Perch\u00e9 \u2013 chiudono \u2013 distruggere la lama per qualcosa che non sembra essere regolare?\u201d \u2013 si domandano i cittadini. Perch\u00e9, aggiungiamo, far partire dei lavori senza \u2013 pare \u2013 chiedere concessioni agli organi competenti? Sicuramente ci sfugge qualcosa, ma speriamo che la questione sia presto portata alla luce e che si possa preservare non solo l\u2019incolumit\u00e0 della cittadinanza, ma anche del nostro territorio carsico, attraversato da questa nota ed importante Lama.<\/p>\n","protected":false},"excerpt":{"rendered":"<p><a data-flickr-embed=\"true\" href=\"https:\/\/www.flickr.com\/photos\/91470992@N02\/26802846121\/in\/dateposted-public\/\" title=\"Via Mola. Sito di impianto\"><img loading=\"lazy\" decoding=\"async\" src=\"https:\/\/farm8.staticflickr.com\/7315\/26802846121_6b31a977f9_n.jpg\" width=\"320\" height=\"240\" alt=\"Via Mola. Sito di impianto\" \/><\/a><\/p>\n","protected":false},"author":1,"featured_media":0,"comment_status":"open","ping_status":"closed","sticky":false,"template":"","format":"standard","meta":{"colormag_page_container_layout":"default_layout","colormag_page_sidebar_layout":"default_layout","footnotes":""},"categories":[7],"tags":[],"class_list":["post-14132","post","type-post","status-publish","format-standard","hentry","category-attualita"],"_links":{"self":[{"href":"https:\/\/archivioturi.lavocedelpaese.info\/index.php\/wp-json\/wp\/v2\/posts\/14132","targetHints":{"allow":["GET"]}}],"collection":[{"href":"https:\/\/archivioturi.lavocedelpaese.info\/index.php\/wp-json\/wp\/v2\/posts"}],"about":[{"href":"https:\/\/archivioturi.lavocedelpaese.info\/index.php\/wp-json\/wp\/v2\/types\/post"}],"author":[{"embeddable":true,"href":"https:\/\/archivioturi.lavocedelpaese.info\/index.php\/wp-json\/wp\/v2\/users\/1"}],"replies":[{"embeddable":true,"href":"https:\/\/archivioturi.lavocedelpaese.info\/index.php\/wp-json\/wp\/v2\/comments?post=14132"}],"version-history":[{"count":0,"href":"https:\/\/archivioturi.lavocedelpaese.info\/index.php\/wp-json\/wp\/v2\/posts\/14132\/revisions"}],"wp:attachment":[{"href":"https:\/\/archivioturi.lavocedelpaese.info\/index.php\/wp-json\/wp\/v2\/media?parent=14132"}],"wp:term":[{"taxonomy":"category","embeddable":true,"href":"https:\/\/archivioturi.lavocedelpaese.info\/index.php\/wp-json\/wp\/v2\/categories?post=14132"},{"taxonomy":"post_tag","embeddable":true,"href":"https:\/\/archivioturi.lavocedelpaese.info\/index.php\/wp-json\/wp\/v2\/tags?post=14132"}],"curies":[{"name":"wp","href":"https:\/\/api.w.org\/{rel}","templated":true}]}}