{"id":14130,"date":"2016-05-11T07:17:11","date_gmt":"2016-05-11T07:17:11","guid":{"rendered":"https:\/\/archivioturi.lavocedelpaese.info\/index.php\/2016\/05\/11\/vietato-fare-pipi\/"},"modified":"2016-05-11T07:17:11","modified_gmt":"2016-05-11T07:17:11","slug":"vietato-fare-pipi","status":"publish","type":"post","link":"https:\/\/archivioturi.lavocedelpaese.info\/index.php\/2016\/05\/11\/vietato-fare-pipi\/","title":{"rendered":"Vietato fare pip\u00ec"},"content":{"rendered":"<p><img loading=\"lazy\" decoding=\"async\" src=\"https:\/\/farm8.staticflickr.com\/7444\/26802709331_1b290be5c5_n.jpg\" alt=\"Il ponte ormai ridotto a una bacheca di auguri\" height=\"196\" width=\"320\" \/><\/p>\n<p style=\"text-align: justify;\">La fenomenologia del \u201cCessa\u201d, da Casamassima ha contagiato pure Turi. Ricatti, numeri risicati, richieste\u2026 tutto questo \u00e8 \u2018meravigliosamente\u2019 politica!&nbsp; Il sindaco casamassimese Cessa sta amministrando in trappola, con la tagliola del \u2018ricatto\u2019 politico pronta a scattare. A Turi \u00e8 accaduto con Sel la settimana scorsa, poi \u00e8 bastata una lucida fascia tricolore, e in un attimo qualcuno ha riacquistato la \u2018fede\u2019, e non solo quella religiosa: scusate il gioco di parole, ma non \u00e8 uno scherzo, Vito Notarnicola ha davvero rappresentato il Comune di Turi alla cerimonia di ingresso del nuovo vescovo Favale. Nella forma, meglio del piumino di Menino\u2026 indossato dal sindaco alla cerimonia di investitura a Castellaneta, tra l\u2019imbarazzo generale.<\/p>\n<p style=\"text-align: justify;\"><strong>Il Consiglio comunale di venerd\u00ec.<\/strong><\/p>\n<p style=\"text-align: justify;\">Il Consiglio comunale di venerd\u00ec scorso sar\u00e0 stato pure amministrativo, pi\u00f9 tecnico che politico, ma la tensione era alta. Intanto era un Consiglio comunale deserto, al limite del numero legale: undici consiglieri seduti a trattenere la pip\u00ec\u2026 senn\u00f2 ad andare in bagno, si sarebbe andati dritti dritti\u2026 a casa! E prima del dovuto. Prima ancora che \u2018Impegno per Turi\u2019, come si vocifera, possa uscire dalla maggioranza.<\/p>\n<p style=\"text-align: justify;\"><strong>Tari in aumento: +30%<\/strong><\/p>\n<p style=\"text-align: justify;\">Venerd\u00ec scorso, snocciolando i punti all\u2019ordine del giorno, tra un\u2019aliquota in aumento di qua e in calo di l\u00e0, e un + 30% della Tari (che serva per una giusta causa), i consiglieri hanno trattenuto la pip\u00ec come quando al liceo si facevano i compiti in classe. Il problema \u00e8 che molti di questi consiglieri non sono manco capaci di copiare. Cos\u00ec il sindaco Menino Coppi ha chiesto all\u2019ex assessore al Bilancio, Giuseppe Tardi, di fare uno sforzo. Non per la pip\u00ec, sia chiaro, ma per raccontare la favoletta dei conti, che quella \u00e8, perch\u00e9 se la politica si riducesse ai soli numeretti, non avrebbe un cuore. I conti sono pi\u00f9 o meno in ordine. Dopo anni di austerit\u00e0 imposta dall\u2019alto, e di scarsa autonomia dei Comuni, i bilanci sono almeno sani e in avanzo: a Turi abbiamo in cassa 2,3 milioni di \u20ac in parte rivenienti dall&#8217;accertamento dei residui, dagli accantonamenti al fondo pluriennale vincolato e a quello per i crediti di dubbia esigibilit\u00e0. Ne avremmo di pi\u00f9 se si decidesse una volta per tutte di far pagare gli oneri di urbanizzazione persi durante le disastrose e complici avventure amministrative del passato. Ma su questo c\u2019\u00e8 ancora tanto riserbo.<\/p>\n<p style=\"text-align: justify;\"><strong>Ma il problema non sono i numeri. <\/strong><\/p>\n<p style=\"text-align: justify;\">L\u2019aumento della Tari era inevitabile se si vuole adeguare Turi agli altri comuni che fanno la raccolta differenziata. Ma il sindaco non racconti la favoletta del \u201cpianeta da salvare\u201d e del \u201cmiglioramento della qualit\u00e0 di vita\u201d. Nei paesi dove si \u00e8 sperimentata la raccolta spinta porta a porta, gli unici ad essersi salvati sono i bilanci delle aziende, di dubbia e inquietante provenienza, che si sono arricchiti. Oltre al pianeta, dovevano salvarsi le tasche dei cittadini: a un aumento della differenziata, doveva corrispondere un calo del costo dei rifiuti e una produzione sempre pi\u00f9 al ribasso di monnezza. Invece stranamente accade che ci tagliano solo la \u2018mancia\u2019 dell\u2019ecotassa, e intanto la nostra discarica di Martucci, gestita da una Lombardi sotto processo per disastro ambientale, continua a riempirsi di m\u2026onnezza. E nasconde falde acquifere inquinate di percolato.<\/p>\n<p style=\"text-align: justify;\">Il dibattito del Consiglio turese, gli interventi poveri rispetto a quanto raccontiamo ogni settimana dai nostri undici comuni, \u00e8 davvero disarmante.&nbsp;<\/p>\n<p style=\"text-align: justify;\">Tundo non perde il \u2018vizio\u2019 delle tasse, con la scusa delle quali si diede la spallata a Onofrio Resta nel 2013, consegnandoci poi una delle peggiori amministrazioni di sempre, l\u2019attuale. E oggi torna a puntare l\u2019indice: \u201cSiete l\u2019amministrazione delle tasse\u201d, come se il problema fosse questo.<\/p>\n<p style=\"text-align: justify;\">Il gioco delle parti impone il teatrino, ma di fatto quello \u00e8 il gettito, quelle sono le entrate, quelli sono i numeri. I problemi non sono i conti, i problemi sono ben altri e l\u2019opposizione farebbe bene a percorrere la strada che aveva intrapreso. Il problema non \u00e8 tanto la Tari che graver\u00e0 del 30% in pi\u00f9 sui turesi. Il vero problema \u00e8 come Turi potr\u00e0 prepararsi al grande cambiamento culturale della differenziata porta a porta, con eventuali pattumelle (come avviata a Mola, Rutigliano, Polignano, Conversano da diversi anni), se alla guida del Palazzo abbiamo una maggioranza rissosa, con un esecutivo allo sbando, ma, cosa ancora pi\u00f9 grave, dirigenti e funzionari comunali incompetenti, e che stranamente proprio le minoranze e coloro che stanno fuori (in attesa come sciacalli) difendono. Le nostre cronache dettagliate dai comuni limitrofi potranno aprirvi gli occhi; il cambiamento in materia di rifiuti non \u00e8 stato facile e neppure indolore. Il sindaco Coppi assicura che avremo tre mesi per prepararci (da luglio a settembre 2016!). In questi tre mesi non si far\u00e0 nulla.<\/p>\n<p style=\"text-align: justify;\">Noi invece ci auguriamo, per il bene dei turesi, che riescano ad uscire dal pantano del rimpasto, che il ponte sia aperto e sicuro, e che coloro i quali hanno sbagliato, paghino una volta per tutte. Questo \u00e8 l\u2019unico Comune a non avere un Nucleo di Valutazione serio, che valuti in modo totale i dirigenti e i dipendenti comunali (il disastro della opere pubbliche \u00e8 sotto gli occhi di tutti). Per incapacit\u00e0 dell\u2019amministrazione Coppi, per incapacit\u00e0 di controllo politico e amministrativo, per incapacit\u00e0 di programmare l\u2019attivit\u00e0 \u2013 Turi \u00e8 l\u2019unico Comune a non aver approvato degli atti di indirizzo di giunta che inchiodino i capi settore degli uffici comunali. \u00c8 vergognoso e davanti a tanta inerzia, si dovrebbe solo andare a casa, e se possibile senza passare dalla porta del bagno.<\/p>\n","protected":false},"excerpt":{"rendered":"<p><img loading=\"lazy\" decoding=\"async\" src=\"https:\/\/farm8.staticflickr.com\/7444\/26802709331_1b290be5c5_n.jpg\" alt=\"Il ponte ormai ridotto a una bacheca di auguri\" height=\"196\" width=\"320\" \/><\/p>\n","protected":false},"author":1,"featured_media":0,"comment_status":"open","ping_status":"closed","sticky":false,"template":"","format":"standard","meta":{"colormag_page_container_layout":"default_layout","colormag_page_sidebar_layout":"default_layout","footnotes":""},"categories":[4],"tags":[],"class_list":["post-14130","post","type-post","status-publish","format-standard","hentry","category-politica"],"_links":{"self":[{"href":"https:\/\/archivioturi.lavocedelpaese.info\/index.php\/wp-json\/wp\/v2\/posts\/14130","targetHints":{"allow":["GET"]}}],"collection":[{"href":"https:\/\/archivioturi.lavocedelpaese.info\/index.php\/wp-json\/wp\/v2\/posts"}],"about":[{"href":"https:\/\/archivioturi.lavocedelpaese.info\/index.php\/wp-json\/wp\/v2\/types\/post"}],"author":[{"embeddable":true,"href":"https:\/\/archivioturi.lavocedelpaese.info\/index.php\/wp-json\/wp\/v2\/users\/1"}],"replies":[{"embeddable":true,"href":"https:\/\/archivioturi.lavocedelpaese.info\/index.php\/wp-json\/wp\/v2\/comments?post=14130"}],"version-history":[{"count":0,"href":"https:\/\/archivioturi.lavocedelpaese.info\/index.php\/wp-json\/wp\/v2\/posts\/14130\/revisions"}],"wp:attachment":[{"href":"https:\/\/archivioturi.lavocedelpaese.info\/index.php\/wp-json\/wp\/v2\/media?parent=14130"}],"wp:term":[{"taxonomy":"category","embeddable":true,"href":"https:\/\/archivioturi.lavocedelpaese.info\/index.php\/wp-json\/wp\/v2\/categories?post=14130"},{"taxonomy":"post_tag","embeddable":true,"href":"https:\/\/archivioturi.lavocedelpaese.info\/index.php\/wp-json\/wp\/v2\/tags?post=14130"}],"curies":[{"name":"wp","href":"https:\/\/api.w.org\/{rel}","templated":true}]}}