{"id":14126,"date":"2016-05-02T17:31:04","date_gmt":"2016-05-02T17:31:04","guid":{"rendered":"https:\/\/archivioturi.lavocedelpaese.info\/index.php\/2016\/05\/02\/mangiando-simpara\/"},"modified":"2016-05-02T17:31:04","modified_gmt":"2016-05-02T17:31:04","slug":"mangiando-simpara","status":"publish","type":"post","link":"https:\/\/archivioturi.lavocedelpaese.info\/index.php\/2016\/05\/02\/mangiando-simpara\/","title":{"rendered":"Mangiando, s\u2019impara"},"content":{"rendered":"<p><a data-flickr-embed=\"true\" href=\"https:\/\/www.flickr.com\/photos\/91470992@N02\/26660854022\/in\/dateposted-public\/\" title=\"DSC05725\"><img loading=\"lazy\" decoding=\"async\" src=\"https:\/\/farm2.staticflickr.com\/1483\/26660854022_db7b9793b2_n.jpg\" width=\"320\" height=\"240\" alt=\"DSC05725\" \/><\/a><\/p>\n<p style=\"text-align: justify;\">Come incentivare l\u2019interesse dei bambini alla frutta e verdura di stagione? Come far comprendere loro che quello che trovano nel piatto non \u00e8 un cibo da mangiare per accontentare mamma o pap\u00e0, ma per garantire al proprio organismo nutrienti che non potrebbe trovare altrove?<\/p>\n<p style=\"text-align: justify;\">Ci hanno pensato il Ministero della Salute e il Ministero dell\u2019Istruzione, dell\u2019Universit\u00e0 e della Ricerca, in collaborazione con i centri nazionali del CRA (Consiglio per la Ricerca e Sperimentazione in Agricoltura) e Mef che per il secondo anno consecutivo hanno avviato il programma \u201cFrutta nelle Scuole\u201d.<\/p>\n<p style=\"text-align: justify;\">\u00c8 infatti sempre pi\u00f9 dimostrato che tra i banchi di scuola si possono apprendere le basi di una sana alimentazione ed \u00e8 per questo che, nell\u2019ambito delle attivit\u00e0 collegate al Programma Europeo \u201cFrutta nelle scuole\u201d, nella mattinata di gioved\u00ec 28 maggio, 84 alunni e 10 insegnati del terzo C.D. Bisceglie, Istituto Angela Di Bari, sono stati accolti presso il Centro CREA di Turi per una mattinata tra la conoscenza e i sapori della natura.<\/p>\n<p style=\"text-align: justify;\">A dare loro il benvenuto, il Dott. Donato Antonacci, Direttore del CREA-UTV, che ha sottolineato l\u2019importante valore riconosciuto dall\u2019intera comunit\u00e0 scolastica gi\u00e0 impegnata dallo scorso anno e l\u2019interesse a rinnovare la conoscenza e l\u2019approfondimento delle particolarit\u00e0 che la Madre Terra pu\u00f2 offrire a tutti. Sono poi le parole della Dott.ssa Elisabetta Lupotto, Coordinatrice delle Misure di accompagnamento CREA al Programma Comunitario Frutta e Verdura nelle Scuole (MA-FVNS), ad offrire un\u2019introduzione pi\u00f9 dettagliata nelle Misure di Accompagnamento al Programma Comunitario Frutta e Verdura nelle Scuole a.s. 2015-2016.<\/p>\n<p style=\"text-align: justify;\">I bambini, distinti con cappellini colorati e medaglioni semaforici realizzati sul tema della giornata, hanno accolto con partecipazione le curiosit\u00e0 che in seguito sono state enunciate, lasciandosi trascinare nei giochi e negli interrogativi che gli esperti esponevano.<\/p>\n<p style=\"text-align: justify;\">Con l&#8217;ausilio della Biologa Rosa Anna Milella, la Dietista Annamaria Sila e l&#8217;agronoma Lucia Forleo, i bambini dell&#8217;Istituto barese, accompagnati dalle loro insegnanti, hanno osservato da vicino come nascono, crescono e maturano frutta e verdura. &#8220;Perch\u00e9 produrre buon cibo serve per vivere meglio!&#8221;.<\/p>\n<p style=\"text-align: justify;\">Ma non poteva mancare la parentesi del gusto. Armati di piattini, i piccoli hanno gustato carote, cetrioli, melone, mela e fragole di stagione, lasciandosi catturare dal gusto che la Natura offre senza pericoli per il nostro organismo. Ha fatto da contrasto la tabella degli zuccheri contenuti nelle bevande che solitamente troviamo nel frigorifero di casa e che ingeriamo senza conoscerne i contenuti.<\/p>\n<p style=\"text-align: justify;\">Salutata la sala conferenze, appagato l\u2019appetito, i piccoli esploratori della Natura hanno sbirciato negli orti del centro di ricerca. Broccoli, cavoli, erbe aromatiche e frutta di stagione, sono state al centro di un percorso di conoscenza e analisi di grande interesse. Frutta e verdura, nelle loro mani, sono state guardate, annusate, assaporate, toccate e persino commentate. S\u00ec, perch\u00e9 nei laboratori del Crea anche gli &#8220;investigatori&#8221; della natura sono stati impegnati nella coltivazione di una piantina di basilico, che poi ognuno ha portato a casa. Perch\u00e9 giocando e divertendosi, a volte sporcandosi le mani, si impara molto di pi\u00f9.<\/p>\n<p style=\"text-align: justify;\">Un progetto, quello della &#8220;Frutta nelle scuole&#8221; che mira non solo a far nascere il piacere nel mangiare frutta e verdura di stagione, ma anche conoscenza e curiosit\u00e0 di come ogni elemento della terra possa essere beneficio per la salute dell&#8217;uomo.<\/p>\n<p style=\"text-align: justify;\">&#8220;Ogni giorno \u2013 hanno raccontato le esperte del Crea di Turi \u2013 circa ottanta bambini si affacciano nel nostro centro, tutti provenienti dalla Puglia e dalla Basilicata&#8221;.<\/p>\n<p style=\"text-align: justify;\">Il messaggio per tutti? Attenti a quel che mangiate e fate attenzione a quel che comprate, perch\u00e9 non tutto quel che \u00e8 buono, fa bene alla vostra salute.<\/p>\n<p><object width=\"640\" height=\"480\"><param name=\"flashvars\" value=\"offsite=true&amp;lang=it-it&amp;page_show_url=%2Fphotos%2F91470992%40N02%2Fsets%2F72157667829200385%2Fshow%2F&amp;page_show_back_url=%2Fphotos%2F91470992%40N02%2Fsets%2F72157667829200385%2F&amp;set_id=72157667829200385&amp;jump_to=\" \/><param name=\"movie\" value=\"https:\/\/www.flickr.com\/apps\/slideshow\/show.swf?v=261948265\" \/><param name=\"allowFullScreen\" value=\"true\" \/><embed type=\"application\/x-shockwave-flash\" src=\"https:\/\/www.flickr.com\/apps\/slideshow\/show.swf?v=261948265\" allowfullscreen=\"true\" flashvars=\"offsite=true&amp;lang=it-it&amp;page_show_url=%2Fphotos%2F91470992%40N02%2Fsets%2F72157667829200385%2Fshow%2F&amp;page_show_back_url=%2Fphotos%2F91470992%40N02%2Fsets%2F72157667829200385%2F&amp;set_id=72157667829200385&amp;jump_to=\" width=\"640\" height=\"480\" \/><\/object><\/p>\n","protected":false},"excerpt":{"rendered":"<p><a data-flickr-embed=\"true\" href=\"https:\/\/www.flickr.com\/photos\/91470992@N02\/26660854022\/in\/dateposted-public\/\" title=\"DSC05725\"><img loading=\"lazy\" decoding=\"async\" src=\"https:\/\/farm2.staticflickr.com\/1483\/26660854022_db7b9793b2_n.jpg\" width=\"320\" height=\"240\" alt=\"DSC05725\" \/><\/a><\/p>\n","protected":false},"author":1,"featured_media":0,"comment_status":"open","ping_status":"closed","sticky":false,"template":"","format":"standard","meta":{"colormag_page_container_layout":"default_layout","colormag_page_sidebar_layout":"default_layout","footnotes":""},"categories":[6],"tags":[],"class_list":["post-14126","post","type-post","status-publish","format-standard","hentry","category-cultura"],"_links":{"self":[{"href":"https:\/\/archivioturi.lavocedelpaese.info\/index.php\/wp-json\/wp\/v2\/posts\/14126","targetHints":{"allow":["GET"]}}],"collection":[{"href":"https:\/\/archivioturi.lavocedelpaese.info\/index.php\/wp-json\/wp\/v2\/posts"}],"about":[{"href":"https:\/\/archivioturi.lavocedelpaese.info\/index.php\/wp-json\/wp\/v2\/types\/post"}],"author":[{"embeddable":true,"href":"https:\/\/archivioturi.lavocedelpaese.info\/index.php\/wp-json\/wp\/v2\/users\/1"}],"replies":[{"embeddable":true,"href":"https:\/\/archivioturi.lavocedelpaese.info\/index.php\/wp-json\/wp\/v2\/comments?post=14126"}],"version-history":[{"count":0,"href":"https:\/\/archivioturi.lavocedelpaese.info\/index.php\/wp-json\/wp\/v2\/posts\/14126\/revisions"}],"wp:attachment":[{"href":"https:\/\/archivioturi.lavocedelpaese.info\/index.php\/wp-json\/wp\/v2\/media?parent=14126"}],"wp:term":[{"taxonomy":"category","embeddable":true,"href":"https:\/\/archivioturi.lavocedelpaese.info\/index.php\/wp-json\/wp\/v2\/categories?post=14126"},{"taxonomy":"post_tag","embeddable":true,"href":"https:\/\/archivioturi.lavocedelpaese.info\/index.php\/wp-json\/wp\/v2\/tags?post=14126"}],"curies":[{"name":"wp","href":"https:\/\/api.w.org\/{rel}","templated":true}]}}