{"id":14125,"date":"2016-05-03T10:23:12","date_gmt":"2016-05-03T10:23:12","guid":{"rendered":"https:\/\/archivioturi.lavocedelpaese.info\/index.php\/2016\/05\/03\/da-turi-a-massafra-per-favolitalsiamo\/"},"modified":"2016-05-03T10:23:12","modified_gmt":"2016-05-03T10:23:12","slug":"da-turi-a-massafra-per-favolitalsiamo","status":"publish","type":"post","link":"https:\/\/archivioturi.lavocedelpaese.info\/index.php\/2016\/05\/03\/da-turi-a-massafra-per-favolitalsiamo\/","title":{"rendered":"Da Turi a Massafra per \u201cFavolitalsiamo\u201d"},"content":{"rendered":"<p><a title=\"Unitalsi Turi (1)\" href=\"https:\/\/www.flickr.com\/photos\/91470992@N02\/26660484082\/in\/dateposted-public\/\" data-flickr-embed=\"true\"><img loading=\"lazy\" decoding=\"async\" src=\"https:\/\/farm2.staticflickr.com\/1530\/26660484082_7042717879_n.jpg\" alt=\"Unitalsi Turi (1)\" width=\"320\" height=\"213\" \/><\/a><\/p>\n<p style=\"text-align: justify;\">I loro volti raccontano ancora della bellissima giornata trascorsa domenica 24 aprile. Sono i ragazzi dell\u2019Unitalsi di Turi che, assieme ai tantissimi soci delle Unitalsi della Regione Puglia, hanno letteralmente colorato ed invaso Massafra per \u201cFavolitalsiamo\u201d.<\/p>\n<p style=\"text-align: justify;\">Saliti in pullman alle ore 7.00 i quattordici unitalsiani turesi hanno raccontato il mondo cittadino della solidariet\u00e0, del sorriso, del volontariato, agli oltre 1300 \u201cdiversamente normali\u201d che hanno partecipato alla grande manifestazione di Massafra, organizzata dalla stessa Unitalsi pugliese.<\/p>\n<p><img loading=\"lazy\" decoding=\"async\" src=\"https:\/\/farm2.staticflickr.com\/1476\/26753980095_8191b504ba_n.jpg\" alt=\"Unitalsi Turi (8)\" width=\"320\" height=\"192\" style=\"float: right;\" \/><\/p>\n<p style=\"text-align: justify;\">Una Santa messa presso il Duomo di Massafra (Chiesa di San Lorenzo) ha aperto la mattinata di festa, proseguita con una chiassosa e festosa Marcia per la Pace che dal Duomo si \u00e8 mossa fino a piazza Vittorio Emanuele. Tutti in debita tenuta carnevalesca, dipinti o con parrucche, hanno proseguito tra giochi, canti e balli l\u2019intera giornata, dove obiettivo finale era \u201cstare tutti insieme, volontari e ragazzi, per una Giornata regionale della gioia e del sorriso 2016&#8243;.<\/p>\n<p style=\"text-align: justify;\">Favolitalsiamo \u00e8 stata organizzata in collaborazione con il Comune di Massafra ed i cartapestai della Citt\u00e0 ionica. Con questa festa l\u2019Unitalsi Pugliese ha aperto la stagione dei Pellegrinaggi a Lourdes, previsti dal 8 al 14 giugno, dal 6 al 12 luglio, dal 3 al 9 agosto, dal 7 al 13 settembre e dal 25 settembre al 2 ottobre (pellegrinaggio nazionale).<\/p>\n<p style=\"text-align: justify;\">Ad accompagnare le Unitalsi dalla Puglia e dalle regioni vicine sono stati Dante D\u2019elpidio, vicepresidente nazionale dell\u2019Unitalsi, Palma Guida, presidente della Sezione Pugliese dell\u2019Unitalsi, Imma Fuggiano, presidente della sottosezione dell\u2019Unitalsi di Castellaneta, Martino Tamburrano, Sindaco di Massafra, Antonio Cerbino, assessore alla Cultura del Comune di Massafra e Tiziana Gentile, grande amica dell\u2019Unitalsi e una delle animatrici della giornata.<\/p>\n<p style=\"text-align: justify;\">\u201cL\u2019obiettivo principe di questa giornata \u2013 ha spiegato Palma Guida \u2013 \u00e8 sicuramente quello di trascorrerla tutti insieme, perch\u00e9 noi siamo &#8216;unit\u00e0&#8217;, ma anche perch\u00e9 diventa per noi necessario testimoniare quanto pi\u00f9 possibile per le piazze la nostra missione. Il colore \u00e8 quello che in maniera pretestuosa quel giorno ci rappresenta, quello che chiediamo in piazza: colore, sorrisi, speranza, forza morale!\u201d.<\/p>\n","protected":false},"excerpt":{"rendered":"<p><a title=\"Unitalsi Turi (1)\" href=\"https:\/\/www.flickr.com\/photos\/91470992@N02\/26660484082\/in\/dateposted-public\/\" data-flickr-embed=\"true\"><img loading=\"lazy\" decoding=\"async\" src=\"https:\/\/farm2.staticflickr.com\/1530\/26660484082_7042717879_n.jpg\" alt=\"Unitalsi Turi (1)\" width=\"320\" height=\"213\" \/><\/a><\/p>\n","protected":false},"author":1,"featured_media":0,"comment_status":"open","ping_status":"closed","sticky":false,"template":"","format":"standard","meta":{"colormag_page_container_layout":"default_layout","colormag_page_sidebar_layout":"default_layout","footnotes":""},"categories":[6],"tags":[],"class_list":["post-14125","post","type-post","status-publish","format-standard","hentry","category-cultura"],"_links":{"self":[{"href":"https:\/\/archivioturi.lavocedelpaese.info\/index.php\/wp-json\/wp\/v2\/posts\/14125","targetHints":{"allow":["GET"]}}],"collection":[{"href":"https:\/\/archivioturi.lavocedelpaese.info\/index.php\/wp-json\/wp\/v2\/posts"}],"about":[{"href":"https:\/\/archivioturi.lavocedelpaese.info\/index.php\/wp-json\/wp\/v2\/types\/post"}],"author":[{"embeddable":true,"href":"https:\/\/archivioturi.lavocedelpaese.info\/index.php\/wp-json\/wp\/v2\/users\/1"}],"replies":[{"embeddable":true,"href":"https:\/\/archivioturi.lavocedelpaese.info\/index.php\/wp-json\/wp\/v2\/comments?post=14125"}],"version-history":[{"count":0,"href":"https:\/\/archivioturi.lavocedelpaese.info\/index.php\/wp-json\/wp\/v2\/posts\/14125\/revisions"}],"wp:attachment":[{"href":"https:\/\/archivioturi.lavocedelpaese.info\/index.php\/wp-json\/wp\/v2\/media?parent=14125"}],"wp:term":[{"taxonomy":"category","embeddable":true,"href":"https:\/\/archivioturi.lavocedelpaese.info\/index.php\/wp-json\/wp\/v2\/categories?post=14125"},{"taxonomy":"post_tag","embeddable":true,"href":"https:\/\/archivioturi.lavocedelpaese.info\/index.php\/wp-json\/wp\/v2\/tags?post=14125"}],"curies":[{"name":"wp","href":"https:\/\/api.w.org\/{rel}","templated":true}]}}