{"id":14122,"date":"2016-05-02T17:11:44","date_gmt":"2016-05-02T17:11:44","guid":{"rendered":"https:\/\/archivioturi.lavocedelpaese.info\/index.php\/2016\/05\/02\/cristina-bossi-a-les-mots\/"},"modified":"2016-05-02T17:11:44","modified_gmt":"2016-05-02T17:11:44","slug":"cristina-bossi-a-les-mots","status":"publish","type":"post","link":"https:\/\/archivioturi.lavocedelpaese.info\/index.php\/2016\/05\/02\/cristina-bossi-a-les-mots\/","title":{"rendered":"Cristina Bossi a \u201cLes Mots\u201d"},"content":{"rendered":"<p><a data-flickr-embed=\"true\" href=\"https:\/\/www.flickr.com\/photos\/91470992@N02\/26728308026\/in\/dateposted-public\/\" title=\"13043741_255493621465291_8420177362797330871_n\"><img loading=\"lazy\" decoding=\"async\" src=\"https:\/\/farm2.staticflickr.com\/1473\/26728308026_31d1bc969c_m.jpg\" width=\"180\" height=\"240\" alt=\"13043741_255493621465291_8420177362797330871_n\" \/><\/a><\/p>\n<p style=\"text-align: justify;\">\u201cVolevo ringraziare tutte le persone che mi hanno sostenuto in questa bella avventura chiamata &#8216;Les Mots&#8217;. Tutti i vostri messaggi pieni di complimenti mi hanno riempito il cuore. Andare dall&#8217;altro capo dell&#8217;Italia, conoscere una natura meravigliosa, essere intervistata alla Rai, vedere il mio nome e quello del mio libro sui manifesti, su schermi giganti, scrivere autografi&#8230; E chi se lo aspettava? Grazie!\u201d. \u00c8 questo il commento finale della scrittrice turese Cristina Bossi, all\u2019indomani del suo ritorno in quel di Turi dopo la parentesi &#8220;Les Mots&#8221;, Festival della Parola in Valle d\u2019Aosta.<\/p>\n<p style=\"text-align: justify;\">Cristina, con la sua semplicit\u00e0 e delicatezza, ha presentato al Festival il suo &#8220;Iris e il Castello Incantato&#8221;, immortalato dalle telecamere della Rai ed andato in onda lo scorso 22 aprile, in diretta, su Rai tre.<\/p>\n<p style=\"text-align: justify;\">&#8220;Iris Forest, undici anni, capelli biondi come l\u2019oro e occhi verdi smeraldo, non avrebbe mai creduto che tutta la sua vita sarebbe stata sconvolta da un meraviglioso castello delle bambole che il signor Leonida aveva messo, bene in vista, nella festosa vetrina del suo negozio di giocattoli. Il desiderio di Iris di possedere quella miniatura perfetta era a dir poco esorbitante, ma non poteva sapere che nel castello si celava un terribile segreto. La piccola sarebbe stata disposta a conoscere la verit\u00e0? Chi la stava cercando? &#8220;Iris e il castello incantato&#8221; \u00e8 una favola esuberante, sfavillante, energica e naturalmente magica. Un libro pieno di disegni, ritratti, caratteri scoppiettanti e personaggi fuori dal comune. La parte pi\u00f9 bella dell&#8217;opera&nbsp; sono i disegni che ci accompagnano per tutto il tragitto e allietano la favolosa lettura. Il libro si apre con il pigro gatto Xabat che cerca di addormentarsi tra le centinaia di orologi che incuranti ticchettano, scandendo a modo loro il tempo. La fortunata padrona di Xabat \u00e8 Gabra Strix, una strega che da 500 anni \u00e8 alla ricerca di una pozione che la rendesse pi\u00f9 bella ed ora, ormai sconfortata, di una pozione che la rendesse, almeno, pi\u00f9 giovane&#8221;. \u201cSono le pagine della scrittrice J. K. Rowling e i sette volumi di Harry Potter ad avermi ispirata\u201d \u2013 ha confessato l\u2019autrice, che ammette le difficolt\u00e0 di una giovane scrittrice di entrare nel panorama letterario italiano e la grande fortuna che la stessa riconosce e per la quale ringrazia.<\/p>\n<p style=\"text-align: justify;\">Il Festival Les Mots abita la piazza Chanoux per oltre quindici giorni, con i suoi suoni, le musiche, i colori, le parole dei libri e degli scrittori. Offre la possibilit\u00e0 di partecipare ad un grande racconto in cui la cultura popolare e la ricerca letteraria trovano una sintesi di gioia e di cittadinanza attiva. Da Pino Insegno a Federico Moccia, da Gene Gnocchi a Maria Rita Parsi, a Diego De Silva a Marcello Fois, alla musica e alla produzione italiana, francese, in patois.<\/p>\n<p style=\"text-align: justify;\">Fedeli alle precedenti tradizioni del Festival, anche l\u2019edizione del 2016 \u00e8 un incontro di cittadini, l\u2019appuntamento sociale, il rito di famiglie, ragazze e ragazzi, uomini e donne che nella splendida struttura di &#8220;Les Mots&#8221; trovano quei motivi di approfondimento e di spensieratezza che rendono la vita sociale un\u2019occasione di comune crescita. La grande sfida \u00e8 la misura dei sogni e dei valori di un territorio e di una comunit\u00e0. La sfida per l\u2019autonomia e per un\u2019identit\u00e0 inclusiva e libera \u00e8 il segno pi\u00f9 forte di una tradizione che ha fatto e fa della Valle d\u2019Aosta un modello di cittadinanza europea.<\/p>\n","protected":false},"excerpt":{"rendered":"<p><a data-flickr-embed=\"true\" href=\"https:\/\/www.flickr.com\/photos\/91470992@N02\/26728308026\/in\/dateposted-public\/\" title=\"13043741_255493621465291_8420177362797330871_n\"><img loading=\"lazy\" decoding=\"async\" src=\"https:\/\/farm2.staticflickr.com\/1473\/26728308026_31d1bc969c_m.jpg\" width=\"180\" height=\"240\" alt=\"13043741_255493621465291_8420177362797330871_n\" \/><\/a><\/p>\n","protected":false},"author":1,"featured_media":0,"comment_status":"open","ping_status":"closed","sticky":false,"template":"","format":"standard","meta":{"colormag_page_container_layout":"default_layout","colormag_page_sidebar_layout":"default_layout","footnotes":""},"categories":[6],"tags":[],"class_list":["post-14122","post","type-post","status-publish","format-standard","hentry","category-cultura"],"_links":{"self":[{"href":"https:\/\/archivioturi.lavocedelpaese.info\/index.php\/wp-json\/wp\/v2\/posts\/14122","targetHints":{"allow":["GET"]}}],"collection":[{"href":"https:\/\/archivioturi.lavocedelpaese.info\/index.php\/wp-json\/wp\/v2\/posts"}],"about":[{"href":"https:\/\/archivioturi.lavocedelpaese.info\/index.php\/wp-json\/wp\/v2\/types\/post"}],"author":[{"embeddable":true,"href":"https:\/\/archivioturi.lavocedelpaese.info\/index.php\/wp-json\/wp\/v2\/users\/1"}],"replies":[{"embeddable":true,"href":"https:\/\/archivioturi.lavocedelpaese.info\/index.php\/wp-json\/wp\/v2\/comments?post=14122"}],"version-history":[{"count":0,"href":"https:\/\/archivioturi.lavocedelpaese.info\/index.php\/wp-json\/wp\/v2\/posts\/14122\/revisions"}],"wp:attachment":[{"href":"https:\/\/archivioturi.lavocedelpaese.info\/index.php\/wp-json\/wp\/v2\/media?parent=14122"}],"wp:term":[{"taxonomy":"category","embeddable":true,"href":"https:\/\/archivioturi.lavocedelpaese.info\/index.php\/wp-json\/wp\/v2\/categories?post=14122"},{"taxonomy":"post_tag","embeddable":true,"href":"https:\/\/archivioturi.lavocedelpaese.info\/index.php\/wp-json\/wp\/v2\/tags?post=14122"}],"curies":[{"name":"wp","href":"https:\/\/api.w.org\/{rel}","templated":true}]}}