{"id":14107,"date":"2016-05-03T09:52:48","date_gmt":"2016-05-03T09:52:48","guid":{"rendered":"https:\/\/archivioturi.lavocedelpaese.info\/index.php\/2016\/05\/03\/non-e-colpa-nostra-il-tormentone-dellamministrazione-coppi\/"},"modified":"2016-05-03T09:52:48","modified_gmt":"2016-05-03T09:52:48","slug":"non-e-colpa-nostra-il-tormentone-dellamministrazione-coppi","status":"publish","type":"post","link":"https:\/\/archivioturi.lavocedelpaese.info\/index.php\/2016\/05\/03\/non-e-colpa-nostra-il-tormentone-dellamministrazione-coppi\/","title":{"rendered":"\u201cNon \u00e8 colpa nostra\u201d, il tormentone dell\u2019Amministrazione Coppi"},"content":{"rendered":"<p><img loading=\"lazy\" decoding=\"async\" src=\"https:\/\/farm2.staticflickr.com\/1702\/26652919942_70f5dff465_n.jpg\" width=\"320\" height=\"240\" alt=\"Esempio di ripristino di manto stradale su via Sammichele\" \/><\/p>\n<p style=\"text-align: justify;\">\u201cNon \u00e8 colpa nostra\u201d \u00e8 probabilmente una delle frasi con cui ricorderemo questa amministrazione. L\u2019hanno ripetuta nei Consigli Comunali, nelle dichiarazioni pubbliche, ai cittadini che lamentano problemi. Eppure ai turesi doc ed ai nuovi residenti poco importa di attribuire le colpe, quando ogni giorno combattono contro situazioni a dir poco medievali: dalle strade sterrate e senza illuminazione pubblica, alle pessime condizioni delle strade asfaltate, dove non si controlla nemmeno il corretto ripristino del manto a seguito dei lavori. Mancano indirizzi politici, mancano le soluzioni, manca la velocit\u00e0 di risposta ai cittadini ormai esasperati. E no, non si tratta di attacchi politici, dietro i quali, troppo spesso, qualcuno comodamente si nasconde. Parliamo invece di puro pragmatismo, della semplice realt\u00e0 dei fatti, raccontata da turesi a cui poco importa della spicciola demagogia politica, ma che rivendicano il loro diritto a soluzioni celeri ed efficaci.<\/p>\n<p style=\"text-align: justify;\">Di questo avviso \u00e8 anche il consigliere di opposizione Paolo Tundo che, a qualche giorno di distanza dall\u2019ultimo Consiglio Comunale, ha voluto nuovamente affidare alle nostre pagine il suo amaro sfogo. \u201cHo visto solo una politica di scuse e scaricabarili\u201d \u2013 ci spiega con animazione \u2013 \u201csanno solo attribuire le responsabilit\u00e0 al passato. Ci pu\u00f2 stare, ma bisogna pur impegnarsi a trovare delle soluzioni. E devo dire che, se in passato si cercavano strategie, oggi si cercano solo le tasse\u201d. Secondo Tundo, la mancanza di esperienza di questi \u201cbravi ragazzi\u201d unita alla frettolosa formazione della Giunta e alla poca coesione interna, avrebbe determinato questi risultati. Con l\u2019assessore Camposeo \u00e8 un po\u2019 meno gentile, non ritenendolo \u201cassolutamente all\u2019altezza, quando invece avrebbe dovuto essere una persona di grande capacit\u00e0 di sviluppo\u201d. Tundo, inoltre, ci racconta di aver consigliato al Sindaco di considerare un rimpasto di Giunta a breve: \u201cQuesto significherebbe poter ritrovare una certa serenit\u00e0\u201d, anche se i nuovi futuri assessori \u201cavranno la responsabilit\u00e0 di dover rispondere di quello che non \u00e8 stato fatto negli ultimi due anni e di doversi rimboccare le maniche\u201d. Fino ad ora, infatti, \u201csi \u00e8 lavorato malissimo. Per me \u00e8 un\u2019Amministrazione insufficiente\u201d.<\/p>\n<p style=\"text-align: justify;\">Il capogruppo di Forza Italia torna anche sulla questione del ponte, ribadendo la richiesta fatta anche in Consiglio Comunale: l\u2019allargamento del ponte per la sicurezza dei cittadini. E torna a scagliarsi contro l\u2019assessore Camposeo, che accusa di essere \u201csempre stato a conoscenza della variante\u201d (cosa di cui avrebbe dovuto informare anche la maggioranza di cui fa parte \u2013 spiega) e di \u201cnon avere ormai pi\u00f9 scuse\u201d. \u201cDopo la variante, per una questione di trasparenza, si sarebbe dovuta indire una nuova gara, cosa che nessuno ha fatto\u201d. \u201cL\u2019assessore Camposeo doveva controllare la parte tecnica, ma non l\u2019ha fatto. Il ponte andava solo rafforzato e riqualificato, ma non abbattuto. Per finire, hanno pure sbagliato le misure, senza tenere conto dei pedoni, dei disabili e dei ciclisti\u201d. \u201cL\u2019Assessore continua a negare le sue responsabilit\u00e0 e questo mi indispone, non lo posso tollerare\u201d. \u201cNonostante il collaudo con un tecnico esterno che ci coster\u00e0 circa 20mila euro, mi auguro che il ponte venga allargato, anche perch\u00e9 cos\u00ec deve essere per la sicurezza di tutti i cittadini\u201d.<\/p>\n","protected":false},"excerpt":{"rendered":"<p><img loading=\"lazy\" decoding=\"async\" src=\"https:\/\/farm2.staticflickr.com\/1702\/26652919942_70f5dff465_n.jpg\" width=\"320\" height=\"240\" alt=\"Esempio di ripristino di manto stradale su via Sammichele\" \/><\/p>\n","protected":false},"author":1,"featured_media":0,"comment_status":"open","ping_status":"closed","sticky":false,"template":"","format":"standard","meta":{"colormag_page_container_layout":"default_layout","colormag_page_sidebar_layout":"default_layout","footnotes":""},"categories":[4],"tags":[],"class_list":["post-14107","post","type-post","status-publish","format-standard","hentry","category-politica"],"_links":{"self":[{"href":"https:\/\/archivioturi.lavocedelpaese.info\/index.php\/wp-json\/wp\/v2\/posts\/14107","targetHints":{"allow":["GET"]}}],"collection":[{"href":"https:\/\/archivioturi.lavocedelpaese.info\/index.php\/wp-json\/wp\/v2\/posts"}],"about":[{"href":"https:\/\/archivioturi.lavocedelpaese.info\/index.php\/wp-json\/wp\/v2\/types\/post"}],"author":[{"embeddable":true,"href":"https:\/\/archivioturi.lavocedelpaese.info\/index.php\/wp-json\/wp\/v2\/users\/1"}],"replies":[{"embeddable":true,"href":"https:\/\/archivioturi.lavocedelpaese.info\/index.php\/wp-json\/wp\/v2\/comments?post=14107"}],"version-history":[{"count":0,"href":"https:\/\/archivioturi.lavocedelpaese.info\/index.php\/wp-json\/wp\/v2\/posts\/14107\/revisions"}],"wp:attachment":[{"href":"https:\/\/archivioturi.lavocedelpaese.info\/index.php\/wp-json\/wp\/v2\/media?parent=14107"}],"wp:term":[{"taxonomy":"category","embeddable":true,"href":"https:\/\/archivioturi.lavocedelpaese.info\/index.php\/wp-json\/wp\/v2\/categories?post=14107"},{"taxonomy":"post_tag","embeddable":true,"href":"https:\/\/archivioturi.lavocedelpaese.info\/index.php\/wp-json\/wp\/v2\/tags?post=14107"}],"curies":[{"name":"wp","href":"https:\/\/api.w.org\/{rel}","templated":true}]}}