{"id":14102,"date":"2016-04-26T06:32:45","date_gmt":"2016-04-26T06:32:45","guid":{"rendered":"https:\/\/archivioturi.lavocedelpaese.info\/index.php\/2016\/04\/26\/gli-scatti-di-valentina-premiati-nellintero-stivale\/"},"modified":"2016-04-26T06:32:45","modified_gmt":"2016-04-26T06:32:45","slug":"gli-scatti-di-valentina-premiati-nellintero-stivale","status":"publish","type":"post","link":"https:\/\/archivioturi.lavocedelpaese.info\/index.php\/2016\/04\/26\/gli-scatti-di-valentina-premiati-nellintero-stivale\/","title":{"rendered":"Gli scatti di Valentina, premiati nell\u2019intero stivale"},"content":{"rendered":"<p><a data-flickr-embed=\"true\" href=\"https:\/\/www.flickr.com\/photos\/91470992@N02\/26592365976\/in\/dateposted-public\/\" title=\"13046066_10209065001892891_1322616485_n\"><img loading=\"lazy\" decoding=\"async\" src=\"https:\/\/farm2.staticflickr.com\/1548\/26592365976_907baf0e4b_n.jpg\" width=\"320\" height=\"233\" alt=\"13046066_10209065001892891_1322616485_n\" \/><\/a><\/p>\n<p style=\"text-align: justify;\">\u00c8 un periodo pi\u00f9 che positivo, questo, per la fotografa turese Valentina Pavone. Solo la scorsa settimana ci eravamo complimentati con lei per la selezione internazionale al concorso fotografico ImAge, dove il suo scatto della fotografa Lisetta Carmi aveva conquistato la giuria londinese.<\/p>\n<p style=\"text-align: justify;\">Oggi rinnoviamo il nostro applauso per una nuova ed importantissima menzione d&#8217;onore e targa al concorso Padroni della Terra o Custodi responsabili del creato? Alla VII Edizione del Concorso fotografico-letterario, Valentina affascina la giuria di Crema con la foto \u201cLa Natura che Abito\u201d.<\/p>\n<p style=\"text-align: justify;\">Il concorso \u00e8 ispirato all&#8217;enciclica di Papa Francesco \u201cLaudato Sii\u201d, ed \u00e8 organizzato dall&#8217;Unit\u00e0 Pastorale San Giacomo e San Bartolomeo, con il patrocinio del Comune di Crema, Gruppo Handicap San Giacomo, Comunit\u00e0 Adulti scout Mashi Ruah e Agesci Crema 3.<\/p>\n<p style=\"text-align: justify;\">Ma gli scatti di Valentina proseguono il loro percorso lungo lo stivale: un&#8217;altra foto sugli ulivi, sar\u00e0 presente per il concorso fotografico Uno Scatto per il Primo Maggio a Calimera Lecce, mentre sar\u00e0 possibile ammirare una gigantografia del lavoro sulla natura abitata presso il Museo Civico di Cisternino insieme all&#8217;installazione dell&#8217;architetto Michele Camporeale.<\/p>\n<p style=\"text-align: justify;\">Per chiunque abbia voglia di ammirare le splendide immagini dell\u2019artista turese, pu\u00f2 rivolgersi direttamente al suo studio a Turi in Via San Pietro.<\/p>\n","protected":false},"excerpt":{"rendered":"<p><a data-flickr-embed=\"true\" href=\"https:\/\/www.flickr.com\/photos\/91470992@N02\/26592365976\/in\/dateposted-public\/\" title=\"13046066_10209065001892891_1322616485_n\"><img loading=\"lazy\" decoding=\"async\" src=\"https:\/\/farm2.staticflickr.com\/1548\/26592365976_907baf0e4b_n.jpg\" width=\"320\" height=\"233\" alt=\"13046066_10209065001892891_1322616485_n\" \/><\/a><\/p>\n","protected":false},"author":1,"featured_media":0,"comment_status":"open","ping_status":"closed","sticky":false,"template":"","format":"standard","meta":{"colormag_page_container_layout":"default_layout","colormag_page_sidebar_layout":"default_layout","footnotes":""},"categories":[6],"tags":[],"class_list":["post-14102","post","type-post","status-publish","format-standard","hentry","category-cultura"],"_links":{"self":[{"href":"https:\/\/archivioturi.lavocedelpaese.info\/index.php\/wp-json\/wp\/v2\/posts\/14102","targetHints":{"allow":["GET"]}}],"collection":[{"href":"https:\/\/archivioturi.lavocedelpaese.info\/index.php\/wp-json\/wp\/v2\/posts"}],"about":[{"href":"https:\/\/archivioturi.lavocedelpaese.info\/index.php\/wp-json\/wp\/v2\/types\/post"}],"author":[{"embeddable":true,"href":"https:\/\/archivioturi.lavocedelpaese.info\/index.php\/wp-json\/wp\/v2\/users\/1"}],"replies":[{"embeddable":true,"href":"https:\/\/archivioturi.lavocedelpaese.info\/index.php\/wp-json\/wp\/v2\/comments?post=14102"}],"version-history":[{"count":0,"href":"https:\/\/archivioturi.lavocedelpaese.info\/index.php\/wp-json\/wp\/v2\/posts\/14102\/revisions"}],"wp:attachment":[{"href":"https:\/\/archivioturi.lavocedelpaese.info\/index.php\/wp-json\/wp\/v2\/media?parent=14102"}],"wp:term":[{"taxonomy":"category","embeddable":true,"href":"https:\/\/archivioturi.lavocedelpaese.info\/index.php\/wp-json\/wp\/v2\/categories?post=14102"},{"taxonomy":"post_tag","embeddable":true,"href":"https:\/\/archivioturi.lavocedelpaese.info\/index.php\/wp-json\/wp\/v2\/tags?post=14102"}],"curies":[{"name":"wp","href":"https:\/\/api.w.org\/{rel}","templated":true}]}}