{"id":1410,"date":"2010-02-05T17:20:04","date_gmt":"2010-02-05T17:20:04","guid":{"rendered":"https:\/\/archivioturi.lavocedelpaese.info\/index.php\/2010\/02\/05\/rondo-sulla-172-i-lavori-slittano-a-maggio\/"},"modified":"2010-02-05T17:20:04","modified_gmt":"2010-02-05T17:20:04","slug":"rondo-sulla-172-i-lavori-slittano-a-maggio","status":"publish","type":"post","link":"https:\/\/archivioturi.lavocedelpaese.info\/index.php\/2010\/02\/05\/rondo-sulla-172-i-lavori-slittano-a-maggio\/","title":{"rendered":"RONDO&#8217; SULLA 172, I LAVORI A MAGGIO"},"content":{"rendered":"<p><img loading=\"lazy\" decoding=\"async\" class=\" size-full wp-image-1386\" height=\"150\" width=\"320\" src=\"https:\/\/archivioturi.lavocedelpaese.info\/wp-content\/uploads\/2010\/02\/incidente_1.jpg\" alt=\"incidente_1\" srcset=\"https:\/\/archivioturi.lavocedelpaese.info\/wp-content\/uploads\/2010\/02\/incidente_1.jpg 640w, https:\/\/archivioturi.lavocedelpaese.info\/wp-content\/uploads\/2010\/02\/incidente_1-300x141.jpg 300w\" sizes=\"auto, (max-width: 320px) 100vw, 320px\" \/> <\/p>\n<p style=\"text-align: justify;\"><span style=\"font-size: 10pt;\"><span style=\"font-family: verdana,geneva;\">A seguito del brutto incidente di mercoled\u00ec scorso, sulla SS172 Turi-Putignano, il prof. <strong>Onofrio Resta<\/strong>, assessore provinciale, ha chiesto un\u2019interrogazione urgente attraverso gli organi della Provincia al <strong>Distretto di Bari dell\u2019Anas<\/strong>. Come mai i lavori per la realizzazione dei quattro rond\u00f2 non sono ancora iniziati? Dove sono i finanziamenti di circa 3 milioni di euro da investire per la messa in sicurezza e la realizzazione delle rotatorie stradali? Questi sostanzialmente gli interrogativi. La risposta andrebbe ricercata nei cavilli burocratici e normativi.<\/span><\/span><\/p>\n<p style=\"text-align: justify;\"><span style=\"font-size: 10pt;\"><span style=\"font-family: verdana,geneva;\">Dalla direzione hanno risposto che i soldi ci sono, che l\u2019apertura delle buste per l\u2019assegnazione dei lavori \u00e8 in fase di attuazione e che, in seguito al decreto legislativo numero 163 sugli appalti, non \u00e8 sufficiente valutare le condizioni di ribasso del prezzo: bisogna verificare la solidit\u00e0 dell\u2019azienda appaltatrice e constatarne le ragioni del ribasso.<\/span><\/span><\/p>\n<p style=\"text-align: justify;\"><span style=\"font-size: 10pt;\"><span style=\"font-family: verdana,geneva;\">\u201cDalla direzione si prevede che i lavori inizino a maggio &#8211; ha spiegato Onofrio Resta &#8211; potrebbero partire contemporaneamente, in quanto il progetto finanzia ben quattro rond\u00f2 lungo la 172\u201d.<\/span><\/span><\/p>\n<p style=\"text-align: justify;\"><span style=\"font-size: 10pt;\"><span style=\"font-family: verdana,geneva;\">\u201cVigiler\u00f2 ogni venti giorni la procedura burocratica dei lavori &#8211; assicura Resta &#8211; e far\u00f2 in modo che si possa ripartire da Turi, considerata la pericolosit\u00e0 di quel tratto\u201d.<\/span><\/span><\/p>\n","protected":false},"excerpt":{"rendered":"<p><img loading=\"lazy\" decoding=\"async\" class=\" size-full wp-image-1386\" height=\"150\" width=\"320\" src=\"https:\/\/archivioturi.lavocedelpaese.info\/wp-content\/uploads\/2010\/02\/incidente_1.jpg\" alt=\"incidente_1\" srcset=\"https:\/\/archivioturi.lavocedelpaese.info\/wp-content\/uploads\/2010\/02\/incidente_1.jpg 640w, https:\/\/archivioturi.lavocedelpaese.info\/wp-content\/uploads\/2010\/02\/incidente_1-300x141.jpg 300w\" sizes=\"auto, (max-width: 320px) 100vw, 320px\" \/> <\/p>\n","protected":false},"author":1,"featured_media":1386,"comment_status":"open","ping_status":"closed","sticky":false,"template":"","format":"standard","meta":{"colormag_page_container_layout":"default_layout","colormag_page_sidebar_layout":"default_layout","footnotes":""},"categories":[7],"tags":[],"class_list":["post-1410","post","type-post","status-publish","format-standard","has-post-thumbnail","hentry","category-attualita"],"_links":{"self":[{"href":"https:\/\/archivioturi.lavocedelpaese.info\/index.php\/wp-json\/wp\/v2\/posts\/1410","targetHints":{"allow":["GET"]}}],"collection":[{"href":"https:\/\/archivioturi.lavocedelpaese.info\/index.php\/wp-json\/wp\/v2\/posts"}],"about":[{"href":"https:\/\/archivioturi.lavocedelpaese.info\/index.php\/wp-json\/wp\/v2\/types\/post"}],"author":[{"embeddable":true,"href":"https:\/\/archivioturi.lavocedelpaese.info\/index.php\/wp-json\/wp\/v2\/users\/1"}],"replies":[{"embeddable":true,"href":"https:\/\/archivioturi.lavocedelpaese.info\/index.php\/wp-json\/wp\/v2\/comments?post=1410"}],"version-history":[{"count":0,"href":"https:\/\/archivioturi.lavocedelpaese.info\/index.php\/wp-json\/wp\/v2\/posts\/1410\/revisions"}],"wp:featuredmedia":[{"embeddable":true,"href":"https:\/\/archivioturi.lavocedelpaese.info\/index.php\/wp-json\/wp\/v2\/media\/1386"}],"wp:attachment":[{"href":"https:\/\/archivioturi.lavocedelpaese.info\/index.php\/wp-json\/wp\/v2\/media?parent=1410"}],"wp:term":[{"taxonomy":"category","embeddable":true,"href":"https:\/\/archivioturi.lavocedelpaese.info\/index.php\/wp-json\/wp\/v2\/categories?post=1410"},{"taxonomy":"post_tag","embeddable":true,"href":"https:\/\/archivioturi.lavocedelpaese.info\/index.php\/wp-json\/wp\/v2\/tags?post=1410"}],"curies":[{"name":"wp","href":"https:\/\/api.w.org\/{rel}","templated":true}]}}