{"id":14099,"date":"2016-04-25T11:58:06","date_gmt":"2016-04-25T11:58:06","guid":{"rendered":"https:\/\/archivioturi.lavocedelpaese.info\/index.php\/2016\/04\/25\/degrado-e-incuria-nelle-aree-verdi-turesi\/"},"modified":"2016-04-25T11:58:06","modified_gmt":"2016-04-25T11:58:06","slug":"degrado-e-incuria-nelle-aree-verdi-turesi","status":"publish","type":"post","link":"https:\/\/archivioturi.lavocedelpaese.info\/index.php\/2016\/04\/25\/degrado-e-incuria-nelle-aree-verdi-turesi\/","title":{"rendered":"Degrado e incuria nelle aree verdi turesi"},"content":{"rendered":"<p><img loading=\"lazy\" decoding=\"async\" src=\"https:\/\/farm2.staticflickr.com\/1505\/26013889913_d08fe7769e_n.jpg\" width=\"320\" height=\"180\" alt=\"20160420_173014\" \/><\/p>\n<p style=\"text-align: justify;\">Degrado, sporcizia e abbandono \u00e8 lo stato in cui versano tante aree verdi situate sul suolo Turese.<\/p>\n<p style=\"text-align: justify;\">In particolare, abbiamo ricevuto alcune segnalazioni sul degrado in cui versa il campetto da calcio situato in via Casamassima all\u2019altezza della rotonda, e anche sulle condizioni allarmanti in cui si trova il parco in via Noci.<\/p>\n<p style=\"text-align: justify;\">Come denunciano le immagini che abbiamo raccolto, il parco presenta un\u2019incuria abbastanza grave: erbacce e cespugli rigogliosi, degni di un boschetto, e una sporcizia che fa capire da quanto tempo manchi una decente pulizia dell&#8217;area. La bella immagine con tricicli e giostrine presa da \u201cGoogle Maps\u201d \u00e8 un falso emblema di un parco che, a differenza di quanto l\u2019istantanea possa suggerire, difficilmente viene frequentato dai bambini in questi tempi.<\/p>\n<p style=\"text-align: justify;\">Il caso pi\u00f9 grave, tuttavia, \u00e8 rappresentato dalle condizioni pessime in cui versa il campetto in via Casamassima. Quando ci siamo recati sul posto per appurare la veridicit\u00e0 delle segnalazioni, abbiamo incontrato uno dei ragazzi che ancora frequenta l\u2019area, intento a riparare da solo la staccionata laterale con una pedana.<\/p>\n<p style=\"text-align: justify;\">\u201c\u00c8 da parecchi anni che la situazione \u00e8 quella che vedete \u2013 ha commentato il ragazzo \u2013 io faccio quello che posso, copro la rete, pulisco, aggiusto, ma puntualmente poi trovo tutto rotto e smontato\u201d.<\/p>\n<p style=\"text-align: justify;\">Un doppio problema quindi, incuria e vandalismo: barbari che hanno sradicato senza motivo il manto erboso dal centro del campo, e che periodicamente vanificano i tentativi di riparazione dei ragazzi che s\u2019impegnano tanto perch\u00e9 vogliono semplicemente giocare a pallone senza problemi. A questo si aggiunge la stessa incuria vista nel parco di via Noci, con cespugli alti e non molto belli a vedersi.<\/p>\n<p style=\"text-align: justify;\">Una manutenzione che manca da troppo tempo, fatto dimostrato dall\u2019illuminazione che \u00e8 presente ma non \u00e8 funzionante; dalla mancanza delle retine ai canestri e dalla rete di protezione rotta in pi\u00f9 punti. Una situazione che porta i ragazzi a uscire fuori dal campo per recuperare il pallone, esponendosi a rischi di non poco conto, dato che la presenza dell\u2019inutile rotonda adiacente non scoraggia le auto dal transitare anche a velocit\u00e0 sostenuta.<\/p>\n<p><object width=\"640\" height=\"480\"><param name=\"flashvars\" value=\"offsite=true&amp;lang=it-it&amp;page_show_url=%2Fphotos%2F91470992%40N02%2Fsets%2F72157667358627712%2Fshow%2F&amp;page_show_back_url=%2Fphotos%2F91470992%40N02%2Fsets%2F72157667358627712%2F&amp;set_id=72157667358627712&amp;jump_to=\" \/><param name=\"movie\" value=\"https:\/\/www.flickr.com\/apps\/slideshow\/show.swf?v=261948265\" \/><param name=\"allowFullScreen\" value=\"true\" \/><embed type=\"application\/x-shockwave-flash\" src=\"https:\/\/www.flickr.com\/apps\/slideshow\/show.swf?v=261948265\" allowfullscreen=\"true\" flashvars=\"offsite=true&amp;lang=it-it&amp;page_show_url=%2Fphotos%2F91470992%40N02%2Fsets%2F72157667358627712%2Fshow%2F&amp;page_show_back_url=%2Fphotos%2F91470992%40N02%2Fsets%2F72157667358627712%2F&amp;set_id=72157667358627712&amp;jump_to=\" width=\"640\" height=\"480\" \/><\/object><\/p>\n","protected":false},"excerpt":{"rendered":"<p><img loading=\"lazy\" decoding=\"async\" src=\"https:\/\/farm2.staticflickr.com\/1505\/26013889913_d08fe7769e_n.jpg\" width=\"320\" height=\"180\" alt=\"20160420_173014\" \/><\/p>\n","protected":false},"author":1,"featured_media":0,"comment_status":"open","ping_status":"closed","sticky":false,"template":"","format":"standard","meta":{"colormag_page_container_layout":"default_layout","colormag_page_sidebar_layout":"default_layout","footnotes":""},"categories":[7],"tags":[],"class_list":["post-14099","post","type-post","status-publish","format-standard","hentry","category-attualita"],"_links":{"self":[{"href":"https:\/\/archivioturi.lavocedelpaese.info\/index.php\/wp-json\/wp\/v2\/posts\/14099","targetHints":{"allow":["GET"]}}],"collection":[{"href":"https:\/\/archivioturi.lavocedelpaese.info\/index.php\/wp-json\/wp\/v2\/posts"}],"about":[{"href":"https:\/\/archivioturi.lavocedelpaese.info\/index.php\/wp-json\/wp\/v2\/types\/post"}],"author":[{"embeddable":true,"href":"https:\/\/archivioturi.lavocedelpaese.info\/index.php\/wp-json\/wp\/v2\/users\/1"}],"replies":[{"embeddable":true,"href":"https:\/\/archivioturi.lavocedelpaese.info\/index.php\/wp-json\/wp\/v2\/comments?post=14099"}],"version-history":[{"count":0,"href":"https:\/\/archivioturi.lavocedelpaese.info\/index.php\/wp-json\/wp\/v2\/posts\/14099\/revisions"}],"wp:attachment":[{"href":"https:\/\/archivioturi.lavocedelpaese.info\/index.php\/wp-json\/wp\/v2\/media?parent=14099"}],"wp:term":[{"taxonomy":"category","embeddable":true,"href":"https:\/\/archivioturi.lavocedelpaese.info\/index.php\/wp-json\/wp\/v2\/categories?post=14099"},{"taxonomy":"post_tag","embeddable":true,"href":"https:\/\/archivioturi.lavocedelpaese.info\/index.php\/wp-json\/wp\/v2\/tags?post=14099"}],"curies":[{"name":"wp","href":"https:\/\/api.w.org\/{rel}","templated":true}]}}