{"id":14091,"date":"2016-04-26T14:44:32","date_gmt":"2016-04-26T14:44:32","guid":{"rendered":"https:\/\/archivioturi.lavocedelpaese.info\/index.php\/2016\/04\/26\/gravinese-declina-proposte-di-matrimonio-si-sposa-fra-tre-anni\/"},"modified":"2016-04-26T14:44:32","modified_gmt":"2016-04-26T14:44:32","slug":"gravinese-declina-proposte-di-matrimonio-si-sposa-fra-tre-anni","status":"publish","type":"post","link":"https:\/\/archivioturi.lavocedelpaese.info\/index.php\/2016\/04\/26\/gravinese-declina-proposte-di-matrimonio-si-sposa-fra-tre-anni\/","title":{"rendered":"Gravinese declina proposte di matrimonio. Si sposa fra tre anni!"},"content":{"rendered":"<p><img loading=\"lazy\" decoding=\"async\" src=\"https:\/\/farm8.staticflickr.com\/7376\/15744528633_b443f882f0_n.jpg\" width=\"320\" height=\"240\" alt=\"Giuseppe Gravinese\" \/><\/p>\n<p style=\"text-align: justify;\">Turi ha segnato la terzultima peggiore affluenza nella provincia di Bari. Il referendum di domenica 17 aprile ha interessato solo il 37,42% dei turesi, appena 3.937 votanti sui 10.520 che ne hanno diritto. Altre roccaforti del PD come Polignano, che si \u00e8 ribellata alla linea di Renzi, hanno superato il quorum. In quel di Polignano, il sindaco Domenico Vitto si \u00e8 mobilitato chiedendo direttamente ai cittadini di recarsi alle urne, e i cittadini hanno risposto. A Turi, invece, si sono mobilitati in tanti, esponenti e forze politiche, ma la cittadinanza non ha risposto. Che sia una bocciatura alla politica e all\u2019amministrazione Coppi?<\/p>\n<p style=\"text-align: justify;\">Commentiamo questi dati e affrontiamo altri argomenti di attualit\u00e0 con il segretario del Partito Democratico di Turi, Giuseppe Gravinese.<\/p>\n<p style=\"text-align: justify;\"><strong>Segretario, l\u2019affluenza di Turi \u00e8 stata tra le peggiori nel Sud Est di Bari. Va tutto bene? Chiacchiere da bar? O dovete seriamente meditare sul risultato?<\/strong><\/p>\n<p style=\"text-align: justify;\">\u201cNon mi dica che a Turi la parodia &#8220;piove, governo ladro&#8221; debba essere rivista in &#8220;piove, partito democratico ladro&#8221;&#8230;<\/p>\n<p style=\"text-align: justify;\">Se questa domanda fosse posta al presidente del consiglio dei ministri la visione sarebbe, ad esempio, opposta alla sua.<\/p>\n<p style=\"text-align: justify;\">Io ho votato convintamente per il SI, abbiamo fatto per primi la battaglia contro le precedenti disposizioni relative alle trivellazioni e, fortunatamente, grazie anche ad un ordine del giorno approvato all&#8217;unanimit\u00e0 in tantissimi consigli comunali (oltre il nostro ovviamente) siamo riusciti ad evitare che si potesse continuare a trivellare nei nostri mari. Rimasto in piedi questo unico quesito referendario, i nostri territori hanno comunque voluto lanciare un segnale al governo, il risultato per\u00f2 era prevedibile.<\/p>\n<p style=\"text-align: justify;\">Detto questo mi pare davvero smodato sostenere che l&#8217;astensione a Turi debba essere addirittura addebitata all&#8217;amministrazione comunale, suvvia!<\/p>\n<p style=\"text-align: justify;\">Sul risultato si deve obbligatoriamente riflettere, tutti (e a tutti i livelli) devono farlo seriamente\u201d.<\/p>\n<p style=\"text-align: justify;\"><strong>Ma il dato \u00e8 tanto peggio se si considera che tutti i partiti di centro-sinistra turese si sono mobilitati per il referendum. \u00c8 una bocciatura per questa amministrazione, per questa maggioranza. Almeno in parte condivide? O i turesi sono felici di come state amministrando?<\/strong><strong><\/strong><\/p>\n<p style=\"text-align: justify;\">\u201cA questa domanda ho&nbsp;appena risposto, aggiungo, solo per ricordarlo a me stesso, il fatto che anche partiti, ed esponenti in consiglio, di opposizione hanno condiviso e invitato a votare SI.<\/p>\n<p style=\"text-align: justify;\">Se i turesi siano o meno felici di come questa maggioranza stia amministrando \u00e8 un problema nettamente distinto dalla partecipazione al voto sul rinnovo delle attuali licenze in tema di trivellazioni\u201d.<\/p>\n<p style=\"text-align: justify;\"><strong>Il PD turese sembra andar bene quando si muovono altre forze, storicamente e ideologicamente lontane. Le ultime elezioni regionali ne sono la prova. Giannini tenne testa alla corrente turese di Lacarra. Che significa? Questo dato cosa indica per il futuro? Cosa dovr\u00e0 fare il centro-sinistra per vincere?<\/strong><strong><\/strong><\/p>\n<p style=\"text-align: justify;\">\u201cDovevamo chiedere a Giannini e Lacarra di fare comizi in occasione del referendum forse&#8230; Per il futuro ricorderemo questo consiglio e chiederemo loro di aiutare il PD turese a vincere, questo \u00e8 quello che posso sperare\u201d.<\/p>\n<p style=\"text-align: justify;\"><strong>Perci\u00f2 ci domandiamo, come intende riorganizzare il PD e il centrosinistra turese?<\/strong><strong><\/strong><\/p>\n<p style=\"text-align: justify;\">\u201cLa riorganizzazione del Partito Democratico di Turi \u00e8 iniziata da appena un anno ed \u00e8 sotto gli occhi di tutti&#8230; almeno di chi la vuole vedere.&nbsp;<\/p>\n<p style=\"text-align: justify;\">Il partito, pieno di forze nuove e giovani, si sta dando una identit\u00e0 e si sta formando un carattere che gli permetter\u00e0 di diventare punto di riferimento per la politica e per la gente di Turi.<\/p>\n<p style=\"text-align: justify;\">Questo nuovo e bellissimo gruppo pieno di professionalit\u00e0 ed esperienza ha un entusiasmo ed una coesione che consentiranno al partito di essere sempre presente con la sua struttura e con le sue iniziative.<\/p>\n<p style=\"text-align: justify;\">Questo non \u00e8 un gruppo nato solo con scopi elettorali&#8230; noi vogliamo fare politica, da qualunque prospettiva e dialogando con tutti quelli che qui a Turi vorranno impegnarsi come noi, sul serio e non solo per eleggere tizio o caio.<\/p>\n<p style=\"text-align: justify;\">Sull&#8217;intero centrosinistra non credo di potermi sbilanciare, \u00e8 un processo che alla pari, va condiviso con le altre forze\u201d.&nbsp;<\/p>\n<p style=\"text-align: justify;\"><strong>Sar\u00e0 discusso un bilancio con un avanzo di ben 2,3 milioni di \u20ac. Non solo non arrivano finanziamenti, gli uffici non funzionano, le opere sono un disastro, e l&#8217;amministrazione \u00e8 ferma. Ma con un avanzo cos\u00ec, significa che non riuscite neppure a spendere i soldi?<\/strong><strong><\/strong><\/p>\n<p style=\"text-align: justify;\">\u201cIniziamo col dire che abbiamo preso un finanziamento di oltre 300 mila \u20ac per la ristrutturazione degli alloggi ERP, nel 2015 poi l&#8217;Amministrazione ha goduto di altri finanziamenti in ambito culturale e so che sono pronti progetti per partecipare ad altre misure.<\/p>\n<p style=\"text-align: justify;\">Passando all&#8217;avanzo di cui mi chiede segnalo che la cifra risulta cos\u00ec considerevole poich\u00e9 non tutta di competenza del 2015, parte cospicua di essa rinviene dall&#8217;accertamento dei residui, dagli accantonamenti al fondo pluriennale vincolato e a quello per i crediti di dubbia esigibilit\u00e0.<\/p>\n<p style=\"text-align: justify;\">Premesso questo, e considerato quindi che l&#8217;avanzo vero e proprio \u00e8 cifra assai lontana dai 2,3 milioni, devo convenire con lei che vi \u00e8 una difficolt\u00e0 di spesa. Non possiamo certamente permetterci di avere avanzi in presenza di numerose necessit\u00e0 della collettivit\u00e0.<\/p>\n<p style=\"text-align: justify;\">I due aspetti di cui lei mi chiede, la partecipazione ai finanziamenti e la capacit\u00e0 di spesa, non sono certamente imputabili esclusivamente agli amministratori.<\/p>\n<p style=\"text-align: justify;\">Abbiamo, ormai da qualche tempo, gi\u00e0 sottolineato la necessit\u00e0 di coordinare meglio la parte politica, a cui &#8211; non mi stancher\u00f2 mai di ripeterlo &#8211; spetta solo l&#8217;indirizzo, e gli uffici che devono fare di tutto per porre in essere le attivit\u00e0 prodromiche e necessarie all&#8217;impegno e poi alla relativa realizzazione delle opere e quindi della spesa vera e propria\u201d.<\/p>\n<p style=\"text-align: justify;\"><strong>&nbsp;Vuole lanciare un appello (o ultimatum) per il rimpasto?&nbsp;<\/strong><strong><\/strong><\/p>\n<p style=\"text-align: justify;\">\u201cIl rimpasto non \u00e8 fra le priorit\u00e0 di questa amministrazione, per come la vedo io non sono fondamentali i soli rappresentanti in giunta. La squadra deve lavorare insieme e deve collaborare, tutta, alla riuscita non solo del progetto ma anche alla riuscita delle piccole cose&#8230; il detto tutti per uno ed uno per tutti rappresenta l&#8217;idea\u201d.<\/p>\n<p style=\"text-align: justify;\"><strong>&nbsp;<\/strong><\/p>\n<p style=\"text-align: justify;\"><strong>Le piace la squadra ideale proposta da Topputi nella nostra intervista? Le piace, o sar\u00e0 solo un sogno?<\/strong><strong><\/strong><\/p>\n<p style=\"text-align: justify;\">\u201cFabio Topputi \u00e8 un amico, non per questo dico che \u00e8 persona onesta e positiva\u2026 lo penso davvero.<\/p>\n<p style=\"text-align: justify;\">Devo per\u00f2 doverosamente declinare il suo (vostro) invito all&#8217;unione civile e anche a quella politica, si sa in amore e in politica in tre anni succede sempre di tutto.<\/p>\n<p style=\"text-align: justify;\">Ci tengo solo a precisare che io sono il segretario del Partito Democratico, come ho gi\u00e0 detto prima il mio ruolo \u00e8 questo e per questo devo dare il massimo, probabilmente se avessi voluto fare il sindaco avrei potuto (come sostengono i soliti politologi) stare alla finestra e guardare dall&#8217;esterno la gente &#8220;bruciarsi&#8221;.<\/p>\n<p style=\"text-align: justify;\">Mi piacerebbe che la politica turese voltasse definitivamente pagina su alcuni modi di fare e su alcune tattiche appartenenti davvero a quei tempi di cui forse oggi ne paghiamo le conseguenze.&nbsp;<\/p>\n<p style=\"text-align: justify;\">Non abbiamo pi\u00f9 bisogno di menti che da sole decidono le sorti di questa o quella amministrazione o squadra di persone, non abbiamo pi\u00f9 bisogno di politici che per vedere accolte le proprie ragioni infangano quelle dei loro oppositori (ritenuti per troppo tempo nemici), non abbiamo pi\u00f9 bisogno di soggetti che in assoluta autoreferenzialit\u00e0 si permettono di (sperare di) condizionare le sorti di questo paese.<\/p>\n<p style=\"text-align: justify;\">Bene, il mio compito dunque \u00e8 fare il segretario e garantire al mio partito la legittimit\u00e0 e il ruolo che la stessa Carta Costituzionale gli garantisce: la rappresentanza dei cittadini.<\/p>\n<p style=\"text-align: justify;\">Mi sono dilungato non per sfuggire alla sua domanda ma per sottolineare che per qualunque persona, meglio ancora se giovane, che decide di impegnarsi in politica noi dovremmo essere tutti, amici e oppositori, fieri e felici di accoglierla in questa che fin&#8217;ora era un&#8217;arena per coraggiosi e litigiosi.&nbsp;<\/p>\n<p style=\"text-align: justify;\">Dobbiamo, anche grazie all&#8217;innesto di nuove leve, staccarci dal vecchio modo di fare politica di cui parlavo prima e darci tutti una nuova prospettiva, non pi\u00f9 un&#8217;arena dove competere con qualsiasi arma ma un luogo nuovo dove alla fine non ci sono vincitori e vinti ma idee buone ed idee meno buone\u201d.<\/p>\n","protected":false},"excerpt":{"rendered":"<p><img loading=\"lazy\" decoding=\"async\" src=\"https:\/\/farm8.staticflickr.com\/7376\/15744528633_b443f882f0_n.jpg\" width=\"320\" height=\"240\" alt=\"Giuseppe Gravinese\" \/><\/p>\n","protected":false},"author":1,"featured_media":0,"comment_status":"open","ping_status":"closed","sticky":false,"template":"","format":"standard","meta":{"colormag_page_container_layout":"default_layout","colormag_page_sidebar_layout":"default_layout","footnotes":""},"categories":[4],"tags":[],"class_list":["post-14091","post","type-post","status-publish","format-standard","hentry","category-politica"],"_links":{"self":[{"href":"https:\/\/archivioturi.lavocedelpaese.info\/index.php\/wp-json\/wp\/v2\/posts\/14091","targetHints":{"allow":["GET"]}}],"collection":[{"href":"https:\/\/archivioturi.lavocedelpaese.info\/index.php\/wp-json\/wp\/v2\/posts"}],"about":[{"href":"https:\/\/archivioturi.lavocedelpaese.info\/index.php\/wp-json\/wp\/v2\/types\/post"}],"author":[{"embeddable":true,"href":"https:\/\/archivioturi.lavocedelpaese.info\/index.php\/wp-json\/wp\/v2\/users\/1"}],"replies":[{"embeddable":true,"href":"https:\/\/archivioturi.lavocedelpaese.info\/index.php\/wp-json\/wp\/v2\/comments?post=14091"}],"version-history":[{"count":0,"href":"https:\/\/archivioturi.lavocedelpaese.info\/index.php\/wp-json\/wp\/v2\/posts\/14091\/revisions"}],"wp:attachment":[{"href":"https:\/\/archivioturi.lavocedelpaese.info\/index.php\/wp-json\/wp\/v2\/media?parent=14091"}],"wp:term":[{"taxonomy":"category","embeddable":true,"href":"https:\/\/archivioturi.lavocedelpaese.info\/index.php\/wp-json\/wp\/v2\/categories?post=14091"},{"taxonomy":"post_tag","embeddable":true,"href":"https:\/\/archivioturi.lavocedelpaese.info\/index.php\/wp-json\/wp\/v2\/tags?post=14091"}],"curies":[{"name":"wp","href":"https:\/\/api.w.org\/{rel}","templated":true}]}}