{"id":14068,"date":"2016-04-18T09:40:41","date_gmt":"2016-04-18T09:40:41","guid":{"rendered":"https:\/\/archivioturi.lavocedelpaese.info\/index.php\/2016\/04\/18\/marcia-per-la-pace-e-tavola-rotonda\/"},"modified":"2016-04-18T09:40:41","modified_gmt":"2016-04-18T09:40:41","slug":"marcia-per-la-pace-e-tavola-rotonda","status":"publish","type":"post","link":"https:\/\/archivioturi.lavocedelpaese.info\/index.php\/2016\/04\/18\/marcia-per-la-pace-e-tavola-rotonda\/","title":{"rendered":"Marcia per la pace e Tavola Rotonda"},"content":{"rendered":"<p><img loading=\"lazy\" decoding=\"async\" src=\"https:\/\/farm2.staticflickr.com\/1631\/26226600330_11af64abdf_n.jpg\" alt=\"1 (7)\" width=\"320\" height=\"180\" \/><\/p>\n<p style=\"text-align: justify;\">L&#8217;associazione \u201cUmanit\u00e0 Solidale Glocal\u201d, in collaborazione con il Movimento Internazionale &#8220;Religions for Peace&#8221; e l\u2019associazione \u201cIl Viandante\u201d, ha dato vita al progetto &#8220;Dalla Paura alla Fiducia &#8211; Costruiamo insieme ponti di pace\u201d, progetto poi condiviso con le scuole e con i cittadini.<\/p>\n<p style=\"text-align: justify;\">Oltre agli incontri avvenuti all\u2019interno delle scuole turesi, l\u2019evento \u00e8 stato caratterizzato da una \u201cMarcia per la Pace\u201d, svoltasi venerd\u00ec pomeriggio scorso, culminata con una \u201cTavola Rotonda\u201d tra i leader religiosi del movimento \u201cReligions for Peace\u201d all\u2019interno del Palazzo Marchesale.<\/p>\n<p><img loading=\"lazy\" decoding=\"async\" style=\"float: right;\" src=\"https:\/\/farm2.staticflickr.com\/1508\/26407140502_6a8641c620_n.jpg\" alt=\"1 (4)\" width=\"320\" height=\"180\" \/><\/p>\n<p style=\"text-align: justify;\">La marcia, che ha avuto luogo nonostante il cielo nuvoloso e qualche goccia, \u00e8 stata presentata dai ragazzi dell\u2019associazione \u201cIl Viandante\u201d ed \u00e8 stata composta da cinque tappe principali. La prima, la villa comunale, \u00e8 stata l&#8217;occasione per spiegare il motivo per cui tutte quelle persone erano l\u00ec radunate, ovvero per una pace tra tutti i popoli del mondo. La seconda tappa \u00e8 stata la chiesa di San Domenico, un monumento molto importante per noi turesi dal momento che rappresenta uno dei principi della pace: la fiducia. La stessa fiducia che il notar Santo Cavallo ripose quattro secoli fa nei Padri Scolopi che costruirono la chiesa, il palazzo comunale ed istituirono una scuola gratuita per tutti i bambini. Il terzo step della marcia ha avuto luogo al termine di via Maggiore Orlandi, precisamente di fronte alla targa in onore ad Aldo Moro, dove i ragazzi degli Scout hanno citato alcune delle frasi pi\u00f9 importanti di tre illustri uomini della storia turese e italiana: lo stesso Aldo Moro, Sandro Pertini e Antonio Gramsci. Uomini che, per l&#8217;appunto, hanno sempre fatto della pace e della libert\u00e0 i propri principi ispiratori. La penultima fermata della marcia ha visto il raggrupparsi di tutti i partecipanti in piazza Silvio Orlandi, dove, una volta messisi in cerchio, i rappresentanti di \u201cReligions for Peace\u201d hanno recitato ciascuno una preghiera della propria religione; al termine c\u2019\u00e8 stata la liberazione di due colombe con annesso lancio di palloncini. Infine, arrivati in piazza Capitan Colapietro la banda di Turi, che ha condotto la marcia sin dall\u2019inizio, ha suonato l\u2019inno d\u2019Italia e i ragazzi degli Scout hanno cantato una canzone che ha scaldato il cuore di tutti i presenti.<\/p>\n<p><img loading=\"lazy\" decoding=\"async\" src=\"https:\/\/farm2.staticflickr.com\/1623\/26499453795_13e17b589c_n.jpg\" alt=\"1 (6)\" width=\"320\" height=\"192\" style=\"float: left;\" \/><\/p>\n<p style=\"text-align: justify;\">I tantissimi bambini e curiosi hanno preso parte all\u2019iniziativa con un entusiasmo fuori dal comune, che ha reso la marcia un momento magico e unico.<\/p>\n<p style=\"text-align: justify;\">L\u2019evento poi si \u00e8 poi spostato all\u2019interno del Palazzo Marchesale, dove i membri di \u201cReligions for Peace\u201d, in alternanza con dei bei momenti musicali, hanno potuto prendere parola e spiegare cosa significa per loro la pace.<\/p>\n<p style=\"text-align: justify;\">I leader sono stati: l&#8217;Imam dott. Ataul Wasih Tariq, Capo Spirituale in Italia della comunit\u00e0 islamica Ahmadiyyal; la Prof.ssa Maria Augusta Favali, rappresentante in Italia della Religione Baha&#8217;i;<br \/> il pastore Nunzio Loiudice della Chiesa Battista; il pastore Petru della Chiesa Avventista;<br \/> Luigi De Salvia, Presidente Nazionale di Religions for Peace, esperto e docente di mediazione.<\/p>\n<p style=\"text-align: justify;\">Con i loro interventi ci hanno dimostrato che non importa in quale Dio noi crediamo, la pace \u00e8 un valore uguale per tutti, poich\u00e9 &#8211; nonostante le preziose diversit\u00e0 culturali &#8211; siamo uguali.<\/p>\n<p style=\"text-align: justify;\">Un concetto condiviso da tutti \u00e8 stato quello della \u201cconoscenza\u201d: se non vogliamo avere paura l\u2019uno dell\u2019altro dobbiamo imparare a conoscerci, e questo \u00e8 uno dei motivi per cui si \u00e8 costituito questo movimento, dove ogni leader rimane fedele alla propria religione ma ha l\u2019obbligo morale di condividere il proprio pensione e conoscere quello altrui.<\/p>\n","protected":false},"excerpt":{"rendered":"<p><img loading=\"lazy\" decoding=\"async\" src=\"https:\/\/farm2.staticflickr.com\/1631\/26226600330_11af64abdf_n.jpg\" alt=\"1 (7)\" width=\"320\" height=\"180\" \/><\/p>\n","protected":false},"author":1,"featured_media":0,"comment_status":"open","ping_status":"closed","sticky":false,"template":"","format":"standard","meta":{"colormag_page_container_layout":"default_layout","colormag_page_sidebar_layout":"default_layout","footnotes":""},"categories":[6],"tags":[],"class_list":["post-14068","post","type-post","status-publish","format-standard","hentry","category-cultura"],"_links":{"self":[{"href":"https:\/\/archivioturi.lavocedelpaese.info\/index.php\/wp-json\/wp\/v2\/posts\/14068","targetHints":{"allow":["GET"]}}],"collection":[{"href":"https:\/\/archivioturi.lavocedelpaese.info\/index.php\/wp-json\/wp\/v2\/posts"}],"about":[{"href":"https:\/\/archivioturi.lavocedelpaese.info\/index.php\/wp-json\/wp\/v2\/types\/post"}],"author":[{"embeddable":true,"href":"https:\/\/archivioturi.lavocedelpaese.info\/index.php\/wp-json\/wp\/v2\/users\/1"}],"replies":[{"embeddable":true,"href":"https:\/\/archivioturi.lavocedelpaese.info\/index.php\/wp-json\/wp\/v2\/comments?post=14068"}],"version-history":[{"count":0,"href":"https:\/\/archivioturi.lavocedelpaese.info\/index.php\/wp-json\/wp\/v2\/posts\/14068\/revisions"}],"wp:attachment":[{"href":"https:\/\/archivioturi.lavocedelpaese.info\/index.php\/wp-json\/wp\/v2\/media?parent=14068"}],"wp:term":[{"taxonomy":"category","embeddable":true,"href":"https:\/\/archivioturi.lavocedelpaese.info\/index.php\/wp-json\/wp\/v2\/categories?post=14068"},{"taxonomy":"post_tag","embeddable":true,"href":"https:\/\/archivioturi.lavocedelpaese.info\/index.php\/wp-json\/wp\/v2\/tags?post=14068"}],"curies":[{"name":"wp","href":"https:\/\/api.w.org\/{rel}","templated":true}]}}