{"id":14047,"date":"2016-04-09T08:12:54","date_gmt":"2016-04-09T08:12:54","guid":{"rendered":"https:\/\/archivioturi.lavocedelpaese.info\/index.php\/2016\/04\/09\/franco-laera-al-campionato-italiano-sudoku\/"},"modified":"2016-04-09T08:12:54","modified_gmt":"2016-04-09T08:12:54","slug":"franco-laera-al-campionato-italiano-sudoku","status":"publish","type":"post","link":"https:\/\/archivioturi.lavocedelpaese.info\/index.php\/2016\/04\/09\/franco-laera-al-campionato-italiano-sudoku\/","title":{"rendered":"Franco Laera al Campionato italiano Sudoku"},"content":{"rendered":"<p><img loading=\"lazy\" decoding=\"async\" src=\"https:\/\/farm2.staticflickr.com\/1670\/26261294971_0549edbb46_n.jpg\" width=\"320\" height=\"192\" alt=\"12936713_1131965876855591_5926889388081137781_n\" \/><\/p>\n<p style=\"text-align: justify;\">Si \u00e8 svolto a Modena, presso l\u2019Ex Cinema Principe, domenica 3 aprile, il Campionato italiano Sudoku che ha visto tra i suoi protagonisti anche il turese Franco Laera.<\/p>\n<p style=\"text-align: justify;\">Appese le scarpe da podista, ha raccolto la sua penna e si \u00e8 tuffato in uno dei giochi pi\u00f9 coinvolgenti e logici che appassiona tutti, da grandi a piccini.<\/p>\n<p style=\"text-align: justify;\">A salire sul podio alcuni giocatori professionisti, ma l\u2019esperienza di Franco non \u00e8 certo da lasciare nel dimenticatoio. Infatti al termine dell\u2019estenuante giornata di concentrazione e logica, il giocatore turese si \u00e8 classificato al nono posto a livello nazionale.<\/p>\n<p style=\"text-align: justify;\">\u201cLa prima manche era piuttosto semplice ed ho consegnato come secondo, quindi credevo di esserlo, ma un errore veramente stupido mi ha fatto scalare al quinto\u201d \u2013 ci racconta Franco Laera.<\/p>\n<p style=\"text-align: justify;\">\u201cLa seconda manche si \u00e8 rivelata un po&#8217; pi\u00f9 difficile, ma ero con i pi\u00f9 forti; mentre nella terza ho accusato un po\u2019 di stanchezza condannandomi, per cos\u00ec dire, nella quarta, al nono posto. Ho perso lucidit\u00e0, non ragionavo pi\u00f9 bene ed ho sbagliato due schemi\u201d.<\/p>\n<p style=\"text-align: justify;\">\u201cSicuramente per le prossime competizioni devo imparare a reggere la tensione che nei sudoku, dove devi ragionare velocemente, \u00e8 importante\u201d \u2013 ci confida il giocatore.<\/p>\n<p style=\"text-align: justify;\">Quindi ora si sta preparando per altre sfide? \u201cOra non ci sto pensando ma sicuramente per il prossimo campionato italiano sar\u00f2 pi\u00f9 agguerrito, visto che questo, per me, era il primo e dovevo pagare, come \u00e8 successo, l&#8217;inesperienza\u201d.<\/p>\n<p style=\"text-align: justify;\">E noi estendiamo a Franco i nostri complimenti per aver comunque sfidato i campioni italiani ed essere arrivato al nono posto.<\/p>\n","protected":false},"excerpt":{"rendered":"<p><img loading=\"lazy\" decoding=\"async\" src=\"https:\/\/farm2.staticflickr.com\/1670\/26261294971_0549edbb46_n.jpg\" width=\"320\" height=\"192\" alt=\"12936713_1131965876855591_5926889388081137781_n\" \/><\/p>\n","protected":false},"author":1,"featured_media":0,"comment_status":"open","ping_status":"closed","sticky":false,"template":"","format":"standard","meta":{"colormag_page_container_layout":"default_layout","colormag_page_sidebar_layout":"default_layout","footnotes":""},"categories":[5],"tags":[],"class_list":["post-14047","post","type-post","status-publish","format-standard","hentry","category-sport"],"_links":{"self":[{"href":"https:\/\/archivioturi.lavocedelpaese.info\/index.php\/wp-json\/wp\/v2\/posts\/14047","targetHints":{"allow":["GET"]}}],"collection":[{"href":"https:\/\/archivioturi.lavocedelpaese.info\/index.php\/wp-json\/wp\/v2\/posts"}],"about":[{"href":"https:\/\/archivioturi.lavocedelpaese.info\/index.php\/wp-json\/wp\/v2\/types\/post"}],"author":[{"embeddable":true,"href":"https:\/\/archivioturi.lavocedelpaese.info\/index.php\/wp-json\/wp\/v2\/users\/1"}],"replies":[{"embeddable":true,"href":"https:\/\/archivioturi.lavocedelpaese.info\/index.php\/wp-json\/wp\/v2\/comments?post=14047"}],"version-history":[{"count":0,"href":"https:\/\/archivioturi.lavocedelpaese.info\/index.php\/wp-json\/wp\/v2\/posts\/14047\/revisions"}],"wp:attachment":[{"href":"https:\/\/archivioturi.lavocedelpaese.info\/index.php\/wp-json\/wp\/v2\/media?parent=14047"}],"wp:term":[{"taxonomy":"category","embeddable":true,"href":"https:\/\/archivioturi.lavocedelpaese.info\/index.php\/wp-json\/wp\/v2\/categories?post=14047"},{"taxonomy":"post_tag","embeddable":true,"href":"https:\/\/archivioturi.lavocedelpaese.info\/index.php\/wp-json\/wp\/v2\/tags?post=14047"}],"curies":[{"name":"wp","href":"https:\/\/api.w.org\/{rel}","templated":true}]}}