{"id":14040,"date":"2016-04-12T13:45:04","date_gmt":"2016-04-12T13:45:04","guid":{"rendered":"https:\/\/archivioturi.lavocedelpaese.info\/index.php\/2016\/04\/12\/referendum-votare-e-importante\/"},"modified":"2016-04-12T13:45:04","modified_gmt":"2016-04-12T13:45:04","slug":"referendum-votare-e-importante","status":"publish","type":"post","link":"https:\/\/archivioturi.lavocedelpaese.info\/index.php\/2016\/04\/12\/referendum-votare-e-importante\/","title":{"rendered":"Referendum: \u201cVotare \u00e8 importante!\u201d"},"content":{"rendered":"<p><img loading=\"lazy\" decoding=\"async\" src=\"https:\/\/farm2.staticflickr.com\/1681\/26301065236_75d6fe7fdb_n.jpg\" alt=\"Valery De Grisantis ed Enrico Susca\" width=\"320\" height=\"180\" \/><\/p>\n<p class=\"Standard\" style=\"text-align: justify;\">Trivelle, trivelle, trivelle. Questo termine, fin troppo abusato, rimbalza da una parte all&#8217;altra tra giornali, TV e social network. Davvero sappiamo, per\u00f2, per cosa andremo a votare domenica 17 aprile? Davvero ci siamo informati su cosa si decider\u00e0, oppure esprimeremo la nostra preferenza per partito preso?<\/p>\n<p class=\"Standard\" style=\"text-align: justify;\">Procederemo nei prossimi due numeri con un&#8217;analisi della questione referendum, finalizzata a capire se davvero ci si stia attivando nella maniera giusta o se si stia prendendo con troppa leggerezza un&#8217;occasione di esercitare uno strumento democratico importantissimo. Ricordiamo, per dovere di cronaca, che la votazione riguarder\u00e0 l&#8217;abrogazione di una legge inerente le piattaforme per l&#8217;estrazione di gas e petrolio, gi\u00e0 presenti entro le 12 miglia marine (circa 20 chilometri). Il provvedimento del&nbsp;governo Renzi, cio\u00e8 la norma inserita nella Legge di Stabilit\u00e0, prevede che anche quando il periodo concesso finisca, l\u2019attivit\u00e0 estrattiva possa continuare fino a che il giacimento non si esaurisca. I referendari chiedono che questa novit\u00e0 sia cancellata e si ripristini il vincolo della scadenza \u201cnaturale\u201d delle concessioni.<\/p>\n<p><img loading=\"lazy\" decoding=\"async\" src=\"https:\/\/farm2.staticflickr.com\/1658\/25724247423_e5d1a8bbe2.jpg\" alt=\"FB_IMG_1460027874871\" width=\"487\" height=\"500\" style=\"float: right;\" \/><\/p>\n<p class=\"Standard\" style=\"text-align: justify;\">Siamo voluti partire in questa indagine dai giovani che, a dirla tutta, sembrano \u201csentire\u201d l&#8217;appuntamento con il referendum in modo maggiore rispetto agli elettori un po&#8217; pi\u00f9 attempati. Abbiamo intervistato Enrico Susca, portavoce dell&#8217;associazione Post.It, e Valery De Grisantis, segretario turese dei Giovani Democratici e, anche lui, portavoce di Post.It.<\/p>\n<p style=\"text-align: justify;\"><strong>I giovani sembrano prendere spesso e volentieri sottogamba le questioni politiche. Secondo voi quanto ne sanno effettivamente su questo referendum?<\/strong><\/p>\n<p style=\"text-align: justify;\"><strong>Valery:<\/strong> \u201cIn ogni occasione di voto, politica o referendaria, \u00e8 importante parlare alla gente e far capire il motivo per cosa si sta votando. Secondo me i giovani sono in questo caso avvantaggiati, anche grazie al maggior&nbsp; utilizzo di internet e dei social che li conduce prima alle informazioni rispetto agli elettori pi\u00f9 anziani. Importante e fondamentale \u00e8&nbsp; comunque cercare di approfondire la tematica(in questo caso referendaria) in modo tale da avere un quadro pi\u00f9 lucido e consapevole al momento del voto .<\/p>\n<p style=\"text-align: justify;\"><strong>Enrico:<\/strong> \u201cI giovani hanno una concezione del referendum piuttosto superficiale. Per quanto ho sentito, per molti \u00e8 una presa di posizione orgogliosa in difesa di una regione, la Puglia, proiettata al turismo. Effettivamente per\u00f2 non ci si va poi a informare, lasciandosi influenzare troppo dai social, dal marketing e dal passaparola. Io penso che i giovani non abbiano acquisito la consapevolezza in primis dello strumento del referendum, e lo dimostreranno con l&#8217;astensionismo.\u201d<\/p>\n<p style=\"text-align: justify;\"><strong>Come si dovrebbe cercare di sensibilizzare la popolazione?<\/strong><\/p>\n<p style=\"text-align: justify;\"><strong>E:<\/strong> \u201cSiamo in un periodo delicato in cui bisogna evitare di prendere posizioni schierate da una parte o dall&#8217;altra, in qualit\u00e0 di membri di Post.it. Quello che l&#8217;associazione si propone di fare \u00e8 sensibilizzare e incentivare il dibattito, senza contrasto ma confrontandoci. Lo faremo con un evento che attiri i giovani turesi, facendogli scoprire la realt\u00e0 del confronto verbale e sociale, permettendo loro di uscire dal gruppo venendo al contatto con la realt\u00e0 del paese nel contesto di un tema molto importante e vicino a noi tutti. Il nostro ruolo \u00e8 quello di sensibilizzare la cittadinanza facendo capire l&#8217;importanza del referendum, a prescindere da ci\u00f2 che si vota\u201d.<\/p>\n<p style=\"text-align: justify;\"><strong>V:<\/strong> \u201cSono d&#8217;accordo con Enrico per quanto riguarda Post.it, tuttavia posso dirti che con i Giovani Democratici la posizione \u00e8 senza dubbio quella diretta verso il SI, in contraddizione con le logiche del Premier Renzi. Noi siamo il partito delle primarie, e non possiamo e non dobbiamo chiuderci nella logica del non voto, il PD che mi piace \u00e8 quello che crede nella partecipazione attiva e non quello che invita al silenzio&nbsp; e a starsene a casa ecco perch\u00e9 ci manteniamo sulla linea del Presidente della Regione Puglia Michele&nbsp; Emiliano, che ha espresso la volont\u00e0 di impegnarsi per il SI&#8221;.<\/p>\n<p style=\"text-align: justify;\"><strong>Perch\u00e9 un cittadino dovrebbe votare S\u00ec il 17 aprile? E cosa diresti a chi \u00e8 fermamente convinto del suo No?<\/strong><\/p>\n<p style=\"text-align: justify;\"><strong>V:<\/strong> \u201cInnanzitutto \u00e8 opportuno fare chiarezza sul quesito referendario. Nel quesito si chiede: \u201cVolete che, quando scadranno le concessioni, vengano fermati i giacimenti in attivit\u00e0 nelle acque territoriali italiane anche se c\u2019\u00e8 ancora gas o petrolio?\u201d. Il quesito riguarda solo la durata delle trivellazioni gi\u00e0 in atto entro le 12 miglia dalla costa, e non riguarda le attivit\u00e0 petrolifere sulla terraferma, n\u00e9 quelle in mare che si trovano a una distanza superiore alle 12 miglia dalla costa (22,2 chilometri). Se vincer\u00e0 il s\u00ec, sar\u00e0 abrogato l\u2019articolo 6 comma 17 del codice dell\u2019ambiente, dove si prevede che le trivellazioni continuino fino a quando il giacimento lo consente. La vittoria del s\u00ec bloccher\u00e0 tutte le concessioni per estrarre il petrolio entro le 12 miglia dalla costa italiana, quando scadranno i contratti. Per la Puglia poi, che \u00e8 una regione a vocazione turistica, \u00e8 impensabile agevolare questa pratica che va a deturpare uno dei nostri tesori pi\u00f9 belli e cio\u00e8 il mare,che tra l\u2019altro \u00e8 anche importante&nbsp; a livello economico. Gi\u00e0 \u00e8 stato un errore aprirle queste piattaforme petrolifere, infatti il momento pi\u00f9 delicato, \u00e8 proprio la chiusura, con i maggiori esborsi delle aziende petrolifere e un pericolo nel meccanismo della stessa. Quindi sarebbe opportuno chiudere questo discorso una volta per tutte, ricordando che l&#8217;Italia \u00e8 uno dei primi Paesi per quanto concerne&nbsp; l\u2019utilizzo delle energie rinnovabili, che andrebbero sfruttate maggiormente\u201d.<\/p>\n<p style=\"text-align: justify;\"><strong>Sono molte le polemiche, pi\u00f9 che sul S\u00ec e sul No, riguardo l&#8217;esistenza stessa del referendum. Spreco di soldi o strumento di scelta per i cittadini?<\/strong><\/p>\n<p style=\"text-align: justify;\"><strong>V:<\/strong> \u201cLa problematica sul s\u00ec e sul no non deve esserci. Il vero problema \u00e8 chi si astiene, perci\u00f2 l&#8217;invito pi\u00f9 adatto \u00e8 quello di andare alle urne. Sicuramente&nbsp; il referendum \u00e8 una possibilit\u00e0 di confronto con il cittadino e quindi sotto questo profilo non pu\u00f2 mai essere definito uno spreco di soldi. Casomai fosse stato abbinato alle prossime elezioni amministrative ci sarebbe stato un notevole risparmio in termini economici\u201d.<\/p>\n<p style=\"text-align: justify;\"><strong>E:<\/strong> \u201cPer quanto riguarda Post.it, \u00e8 una realt\u00e0 astratta in quanto associazione ed io in quanto rappresentante non posso schierarmi. Il referendum alla fine non pu\u00f2 mai essere definito uno spreco di soldi, perch\u00e9 \u00e8 l&#8217;ultimo baluardo del potere del popolo, a maggior ragione se la causa \u00e8 importante come questa. Ci\u00f2 che oggettivamente abbiamo riscontrato \u00e8 la scarsa informazione, se questa avesse lasciato meno falle, il referendum sarebbe stato pienamente utile. Il piccolo grande difetto di questo referendum \u00e8 la scarsa informazione\u201d.<\/p>\n<p style=\"text-align: justify;\"><strong>Quindi siamo tutti invitati al vostro evento.<\/strong><\/p>\n<p style=\"text-align: justify;\"><strong>E:<\/strong> \u201cCertamente. Domenica presso il Boschetto Zaccheo, dalle 15.00 alle 24.00 organizzeremo questo evento con musica dal vivo, dj set, stand enogastronomici, writer con disegni a tema e soprattutto quel confronto sociale che, effettivamente, non \u00e8 mai stato proposto concretamente ai giovani turesi. Un vero e proprio melting pot culturale, finalizzato allo scambio di idee al di l\u00e0 del s\u00ec, del no, della politica e del singolo. Venite a vedere e scoprirete di cosa si tratta\u201d.<\/p>\n","protected":false},"excerpt":{"rendered":"<p><img loading=\"lazy\" decoding=\"async\" src=\"https:\/\/farm2.staticflickr.com\/1681\/26301065236_75d6fe7fdb_n.jpg\" alt=\"Valery De Grisantis ed Enrico Susca\" width=\"320\" height=\"180\" \/><\/p>\n","protected":false},"author":1,"featured_media":0,"comment_status":"open","ping_status":"closed","sticky":false,"template":"","format":"standard","meta":{"colormag_page_container_layout":"default_layout","colormag_page_sidebar_layout":"default_layout","footnotes":""},"categories":[4],"tags":[],"class_list":["post-14040","post","type-post","status-publish","format-standard","hentry","category-politica"],"_links":{"self":[{"href":"https:\/\/archivioturi.lavocedelpaese.info\/index.php\/wp-json\/wp\/v2\/posts\/14040","targetHints":{"allow":["GET"]}}],"collection":[{"href":"https:\/\/archivioturi.lavocedelpaese.info\/index.php\/wp-json\/wp\/v2\/posts"}],"about":[{"href":"https:\/\/archivioturi.lavocedelpaese.info\/index.php\/wp-json\/wp\/v2\/types\/post"}],"author":[{"embeddable":true,"href":"https:\/\/archivioturi.lavocedelpaese.info\/index.php\/wp-json\/wp\/v2\/users\/1"}],"replies":[{"embeddable":true,"href":"https:\/\/archivioturi.lavocedelpaese.info\/index.php\/wp-json\/wp\/v2\/comments?post=14040"}],"version-history":[{"count":0,"href":"https:\/\/archivioturi.lavocedelpaese.info\/index.php\/wp-json\/wp\/v2\/posts\/14040\/revisions"}],"wp:attachment":[{"href":"https:\/\/archivioturi.lavocedelpaese.info\/index.php\/wp-json\/wp\/v2\/media?parent=14040"}],"wp:term":[{"taxonomy":"category","embeddable":true,"href":"https:\/\/archivioturi.lavocedelpaese.info\/index.php\/wp-json\/wp\/v2\/categories?post=14040"},{"taxonomy":"post_tag","embeddable":true,"href":"https:\/\/archivioturi.lavocedelpaese.info\/index.php\/wp-json\/wp\/v2\/tags?post=14040"}],"curies":[{"name":"wp","href":"https:\/\/api.w.org\/{rel}","templated":true}]}}