{"id":14032,"date":"2016-04-12T10:55:09","date_gmt":"2016-04-12T10:55:09","guid":{"rendered":"https:\/\/archivioturi.lavocedelpaese.info\/index.php\/2016\/04\/12\/lopposizione-chiede-un-altro-consiglio-comunale-sul-ponte\/"},"modified":"2016-04-12T10:55:09","modified_gmt":"2016-04-12T10:55:09","slug":"lopposizione-chiede-un-altro-consiglio-comunale-sul-ponte","status":"publish","type":"post","link":"https:\/\/archivioturi.lavocedelpaese.info\/index.php\/2016\/04\/12\/lopposizione-chiede-un-altro-consiglio-comunale-sul-ponte\/","title":{"rendered":"L\u2019opposizione chiede un altro Consiglio Comunale sul ponte"},"content":{"rendered":"<p><img loading=\"lazy\" decoding=\"async\" src=\"https:\/\/farm3.staticflickr.com\/2935\/14503774875_2eacd01f9e_n.jpg\" width=\"320\" height=\"212\" alt=\"Consiglio Comunale Turi\" \/><\/p>\n<p style=\"text-align: justify;\">\u00c8 stata protocollata il 1 aprile scorso la richiesta di Consiglio Comunale a firma dei cinque consiglieri di opposizione. Sul documento si legge: \u201cI sottoscritti consiglieri comunali, Laera Sandro, Volpicella Mariangela, Tundo Paolo, Birardi Rocco e Topputi Fabio, ritenendo opportuno ed urgente dibattere in merito alla questione: parere rilasciato dal Ministero delle Infrastrutture e dei Trasporti in riferimento ai lavori eseguiti per la sistemazione della Lama Giotta a Sud e delle aree a Nord della intersezione con la s.p. Turi-Conversano, chiedono la convocazione di un Consiglio Comunale\u201d.<\/p>\n<p style=\"text-align: justify;\">Come ordine del giorno di tale seduta consigliare, si chiede la discussione dello stato dei fatti, le azioni previste cos\u00ec come le soluzioni, \u201cribadendo la necessit\u00e0 di dover trattare con urgenza l\u2019argomento in questione, la cui estrema importanza \u00e8 dichiaratamente da tutti condivisa\u201d. Essendo firmata da cinque consiglieri, la richiesta raggiunge il numero legale previsto dal Regolamento comunale, che sancisce che siano a richiederlo almeno un quinto dei consiglieri; per questo l\u2019assise dovr\u00e0 essere convocata entro e non oltre i venti giorni dalla data di presentazione al protocollo. Ci\u00f2 vuol dire che entro il 20 aprile si torner\u00e0 tra i banchi della sala consigliare.<\/p>\n<p style=\"text-align: justify;\">Ricorderemo come anche l\u2019ultimo Consiglio Comunale fu richiesto dai consiglieri di opposizione. Questo ha generato non poche polemiche tra alcuni esponenti della minoranza, che vedono nell\u2019assenza di Consigli Comunali la totale paralisi dell\u2019Amministrazione Coppi. Secondo alcuni di loro, infatti, la maggioranza sarebbe in affanno anche nella gestione dell\u2019ordinario. \u00c8 quando dichiara, ad esempio, il consigliere Paolo Tundo, coordinatore e capogruppo di Forza Italia, secondo il quale la mancanza di Consigli Comunali significherebbe che \u201cnon stanno gestendo un bel niente\u201d e che \u201cla crisi, ormai sotto gli occhi di tutti, della maggioranza avrebbe paralizzato l\u2019amministrazione\u201d. Dello stesso avviso \u00e8 anche Laera, capogruppo di Fratelli d\u2019Italia, il quale ritiene che si sia arrivati ad una situazione in cui sarebbe l\u2019opposizione a \u201cdettare i tempi dei Consigli Comunali\u201d. Lo stesso Laera, inoltre, ritiene questa carenza di Consigli il segno palese della disorganizzazione amministrativa e della totale assenza di atti e azioni a cui dovrebbero seguire le assise consiliari.<\/p>\n","protected":false},"excerpt":{"rendered":"<p><img loading=\"lazy\" decoding=\"async\" src=\"https:\/\/farm3.staticflickr.com\/2935\/14503774875_2eacd01f9e_n.jpg\" width=\"320\" height=\"212\" alt=\"Consiglio Comunale Turi\" \/><\/p>\n","protected":false},"author":1,"featured_media":0,"comment_status":"open","ping_status":"closed","sticky":false,"template":"","format":"standard","meta":{"colormag_page_container_layout":"default_layout","colormag_page_sidebar_layout":"default_layout","footnotes":""},"categories":[4],"tags":[],"class_list":["post-14032","post","type-post","status-publish","format-standard","hentry","category-politica"],"_links":{"self":[{"href":"https:\/\/archivioturi.lavocedelpaese.info\/index.php\/wp-json\/wp\/v2\/posts\/14032","targetHints":{"allow":["GET"]}}],"collection":[{"href":"https:\/\/archivioturi.lavocedelpaese.info\/index.php\/wp-json\/wp\/v2\/posts"}],"about":[{"href":"https:\/\/archivioturi.lavocedelpaese.info\/index.php\/wp-json\/wp\/v2\/types\/post"}],"author":[{"embeddable":true,"href":"https:\/\/archivioturi.lavocedelpaese.info\/index.php\/wp-json\/wp\/v2\/users\/1"}],"replies":[{"embeddable":true,"href":"https:\/\/archivioturi.lavocedelpaese.info\/index.php\/wp-json\/wp\/v2\/comments?post=14032"}],"version-history":[{"count":0,"href":"https:\/\/archivioturi.lavocedelpaese.info\/index.php\/wp-json\/wp\/v2\/posts\/14032\/revisions"}],"wp:attachment":[{"href":"https:\/\/archivioturi.lavocedelpaese.info\/index.php\/wp-json\/wp\/v2\/media?parent=14032"}],"wp:term":[{"taxonomy":"category","embeddable":true,"href":"https:\/\/archivioturi.lavocedelpaese.info\/index.php\/wp-json\/wp\/v2\/categories?post=14032"},{"taxonomy":"post_tag","embeddable":true,"href":"https:\/\/archivioturi.lavocedelpaese.info\/index.php\/wp-json\/wp\/v2\/tags?post=14032"}],"curies":[{"name":"wp","href":"https:\/\/api.w.org\/{rel}","templated":true}]}}