{"id":14031,"date":"2016-04-13T16:53:07","date_gmt":"2016-04-13T16:53:07","guid":{"rendered":"https:\/\/archivioturi.lavocedelpaese.info\/index.php\/2016\/04\/13\/nonostante-tutto-si-lavora-alla-redazione-dei-bilanci\/"},"modified":"2016-04-13T16:53:07","modified_gmt":"2016-04-13T16:53:07","slug":"nonostante-tutto-si-lavora-alla-redazione-dei-bilanci","status":"publish","type":"post","link":"https:\/\/archivioturi.lavocedelpaese.info\/index.php\/2016\/04\/13\/nonostante-tutto-si-lavora-alla-redazione-dei-bilanci\/","title":{"rendered":"Nonostante tutto, si lavora alla redazione dei bilanci"},"content":{"rendered":"<p><img loading=\"lazy\" decoding=\"async\" src=\"https:\/\/farm8.staticflickr.com\/7648\/16707409858_2b0d5b9ebd_n.jpg\" width=\"320\" height=\"212\" alt=\"Anna Gasparro\" \/><\/p>\n<p style=\"text-align: justify;\">Se qualche consigliere di opposizione definisce l\u2019attivit\u00e0 della maggioranza paralizzata alla luce anche dei recenti avvenimenti sia politici che tecnici, tuttavia dai piani alti del Comune arrivano le rassicurazioni. \u201cLa situazione amministrativa in questo momento potrebbe apparire in una situazione di stallo \u2013 ci spiega il capogruppo della maggioranza Anna Gasparro \u2013 ma in realt\u00e0 quotidianamente parte politica e parte gestionale sono impegnati con le scadenze della burocrazia e le esigenze della cittadinanza\u201d. \u201cIn particolare \u2013 ci riferisce \u2013 si sta lavorando alla redazione dei bilanci, consuntivo e preventivo, che dovranno essere approvati in Giunta entro fine aprile: operazioni che impegnano notevolmente la parte politica, ma soprattutto i capisettore, che, senza trascurare l\u2019ordinario dei propri uffici, devono anche coordinarsi tra loro per far quadrare il bilancio\u201d. Un lavoro \u2013 questo &#8211; che potrebbe farsi ancora pi\u00f9 arduo a seguito delle dimissioni di Tardi, che sembra essere irremovibile nella sua scelta. Insomma, prima la \u201cmaledizione del funzionario di ragioneria\u201d, ora le dimissioni dell\u2019assessore con delega al bilancio: sembrerebbe che questo Comune non debba trovare mai pace con i numeri.<\/p>\n<p style=\"text-align: justify;\">A tal riguardo, il consigliere Laera si augura che le attivit\u00e0 propedeutiche all\u2019approvazione del bilancio preventivo siano accelerate il pi\u00f9 possibile, \u201cperch\u00e9 questo permetterebbe di non andare pi\u00f9 in dodicesimi e di non alimentare l\u2019attuale paralisi. Sicuramente \u2013 spiega \u2013 il Governo centrale conceder\u00e0 delle proroghe, ma andare in proroga significher\u00e0 continuare in dodicesimi e quindi continuare a spendere somme con il contagocce, risorse di cui questo comune ha piena disponibilit\u00e0. Purtroppo, \u00e8 paradossale dirlo, ci sono i soldi, ma non si riescono a spendere, perch\u00e9 non si riescono a fare atti amministrativi per poter destinare queste somme\u201d.<\/p>\n<p style=\"text-align: justify;\">\u201cIn questo mese \u2013 proseguono poi la capogruppo Gasparro \u2013 si terr\u00e0 anche il Consiglio Comunale richiesto dai consiglieri di minoranza in data primo aprile per discutere sul parere rilasciato dal Ministero delle Infrastrutture e dei Trasporti in riferimento ai lavori eseguiti per la sistemazione della Lama Giotta: questione che l\u2019Amministrazione sta valutando a 360\u00b0 affinch\u00e9 si faccia una scelta consapevole sul percorso da intraprendere\u201d.&nbsp;<\/p>\n","protected":false},"excerpt":{"rendered":"<p><img loading=\"lazy\" decoding=\"async\" src=\"https:\/\/farm8.staticflickr.com\/7648\/16707409858_2b0d5b9ebd_n.jpg\" width=\"320\" height=\"212\" alt=\"Anna Gasparro\" \/><\/p>\n","protected":false},"author":1,"featured_media":0,"comment_status":"open","ping_status":"closed","sticky":false,"template":"","format":"standard","meta":{"colormag_page_container_layout":"default_layout","colormag_page_sidebar_layout":"default_layout","footnotes":""},"categories":[4],"tags":[],"class_list":["post-14031","post","type-post","status-publish","format-standard","hentry","category-politica"],"_links":{"self":[{"href":"https:\/\/archivioturi.lavocedelpaese.info\/index.php\/wp-json\/wp\/v2\/posts\/14031","targetHints":{"allow":["GET"]}}],"collection":[{"href":"https:\/\/archivioturi.lavocedelpaese.info\/index.php\/wp-json\/wp\/v2\/posts"}],"about":[{"href":"https:\/\/archivioturi.lavocedelpaese.info\/index.php\/wp-json\/wp\/v2\/types\/post"}],"author":[{"embeddable":true,"href":"https:\/\/archivioturi.lavocedelpaese.info\/index.php\/wp-json\/wp\/v2\/users\/1"}],"replies":[{"embeddable":true,"href":"https:\/\/archivioturi.lavocedelpaese.info\/index.php\/wp-json\/wp\/v2\/comments?post=14031"}],"version-history":[{"count":0,"href":"https:\/\/archivioturi.lavocedelpaese.info\/index.php\/wp-json\/wp\/v2\/posts\/14031\/revisions"}],"wp:attachment":[{"href":"https:\/\/archivioturi.lavocedelpaese.info\/index.php\/wp-json\/wp\/v2\/media?parent=14031"}],"wp:term":[{"taxonomy":"category","embeddable":true,"href":"https:\/\/archivioturi.lavocedelpaese.info\/index.php\/wp-json\/wp\/v2\/categories?post=14031"},{"taxonomy":"post_tag","embeddable":true,"href":"https:\/\/archivioturi.lavocedelpaese.info\/index.php\/wp-json\/wp\/v2\/tags?post=14031"}],"curies":[{"name":"wp","href":"https:\/\/api.w.org\/{rel}","templated":true}]}}