{"id":14030,"date":"2016-04-12T13:51:38","date_gmt":"2016-04-12T13:51:38","guid":{"rendered":"https:\/\/archivioturi.lavocedelpaese.info\/index.php\/2016\/04\/12\/catalano-alza-la-voce-contro-tardi-e-gravinese\/"},"modified":"2016-04-12T13:51:38","modified_gmt":"2016-04-12T13:51:38","slug":"catalano-alza-la-voce-contro-tardi-e-gravinese","status":"publish","type":"post","link":"https:\/\/archivioturi.lavocedelpaese.info\/index.php\/2016\/04\/12\/catalano-alza-la-voce-contro-tardi-e-gravinese\/","title":{"rendered":"Catalano alza la voce contro Tardi e Gravinese"},"content":{"rendered":"<p><img loading=\"lazy\" decoding=\"async\" src=\"https:\/\/farm1.staticflickr.com\/433\/19210063264_7a4df42bde_n.jpg\" width=\"320\" height=\"214\" alt=\"Noicattaro. Carmine Catalano front\" \/><\/p>\n<p style=\"text-align: justify;\">Le dichiarazioni dell\u2019ex assessore al bilancio Giuseppe Tardi e quelle del suo segretario Giuseppe Gravinese circa il lavoro dei dipendenti al Palazzo Municipale non potevano non sollevare i malumori del sindacalista Carmine Catalano, referente di Rinascita Civica sul territorio turese. \u201cDimettendosi da assessore \u2013 spiega con tono irritato \u2013 Tardi ha attaccato gli uffici, sostenendo di essersi autolicenziato dagli incarichi perch\u00e9, in sostanza, gli impiegati comunali non lavorano come dovrebbero. Insieme a lui \u00e8 intervenuto anche il segretario del Pd Giuseppe Gravinese che, oltre a prendersela con queste persone, ha attaccato in parte anche l\u2019Amministrazione. Vorrei dire a queste persone, verso cui nutro grande rispetto, che si sbagliano davvero. Innanzitutto ci sono dei contratti collettivi nazionali per il pubblico impiego che tutti devono rispettare, poi l\u2019azione politica deve fare in modo che non ci siano contrasti e, soprattutto, che si diano degli indirizzi politici chiari a questi uffici. Io a Turi non ho visto nulla di tutto ci\u00f2. Il Sindaco ha la delega al personale, ma potrebbe benissimo cederla a un assessore o a un consigliere per coordinare gli uffici a regime. Dire che in quelle stanze nessuno lavori \u00e8 impensabile\u201d.<\/p>\n<p style=\"text-align: justify;\">Secondo Catalano, infatti, gli impiegati lavorano, ma lo farebbero \u201cmale, senza cognizione di logica e senza organizzazione\u201d. \u201cSi potrebbero accorpare i due uffici dei Lavori Pubblici e dell\u2019Urbanistica, perch\u00e9 non serve a nulla avere due funzionari. Inoltre sono due settori strategici che stanno divisi, ma che dovrebbero essere uniti. Il sindaco potrebbe ridistribuire gli incarichi al personale e, dopo venti anni, prendere qualche amministrativo e spostarlo in qualche ufficio dove c\u2019\u00e8 mancanza, in modo da equilibrare il sistema. Tutto questo non \u00e8 avvenuto e sicuramente non per colpa di chi lavora negli uffici. La responsabilit\u00e0, caro Tardi, \u00e8 degli amministratori che non sono capaci di fare questo\u201d.<\/p>\n<p style=\"text-align: justify;\">A questo punto il sindacalista si rivolge a Gravinese: \u201cNon vorrei che stessi facendo come ha fatto Renzi quando \u00e8 diventato segretario nazionale del Partito Democratico ed ha detto a Letta di &#8216;stare sereno&#8217;. E poi si \u00e8 visto che fine ha fatto. Se non hai una buona opinione di questa amministrazione, perch\u00e9 non fai nulla per farla dimettere?\u201d<\/p>\n<p style=\"text-align: justify;\">Tirando le somme, Catalano invita tutti a dimettersi: \u201cSono passati quasi due anni e non hanno fatto niente sul territorio. Invece, se elenchiamo tutti gli errori fatti in questi mesi, si potrebbe scrivere un libro\u201d. Il referente turese di Rinascita Civica accusa infine l\u2019Amministrazione Coppi di aver portato avanti solo quello che proveniva dalle precedenti amministrazioni, ma di non aver apportato alcuna novit\u00e0 significativa per il paese.<\/p>\n","protected":false},"excerpt":{"rendered":"<p><img loading=\"lazy\" decoding=\"async\" src=\"https:\/\/farm1.staticflickr.com\/433\/19210063264_7a4df42bde_n.jpg\" width=\"320\" height=\"214\" alt=\"Noicattaro. Carmine Catalano front\" \/><\/p>\n","protected":false},"author":1,"featured_media":0,"comment_status":"open","ping_status":"closed","sticky":false,"template":"","format":"standard","meta":{"colormag_page_container_layout":"default_layout","colormag_page_sidebar_layout":"default_layout","footnotes":""},"categories":[4],"tags":[],"class_list":["post-14030","post","type-post","status-publish","format-standard","hentry","category-politica"],"_links":{"self":[{"href":"https:\/\/archivioturi.lavocedelpaese.info\/index.php\/wp-json\/wp\/v2\/posts\/14030","targetHints":{"allow":["GET"]}}],"collection":[{"href":"https:\/\/archivioturi.lavocedelpaese.info\/index.php\/wp-json\/wp\/v2\/posts"}],"about":[{"href":"https:\/\/archivioturi.lavocedelpaese.info\/index.php\/wp-json\/wp\/v2\/types\/post"}],"author":[{"embeddable":true,"href":"https:\/\/archivioturi.lavocedelpaese.info\/index.php\/wp-json\/wp\/v2\/users\/1"}],"replies":[{"embeddable":true,"href":"https:\/\/archivioturi.lavocedelpaese.info\/index.php\/wp-json\/wp\/v2\/comments?post=14030"}],"version-history":[{"count":0,"href":"https:\/\/archivioturi.lavocedelpaese.info\/index.php\/wp-json\/wp\/v2\/posts\/14030\/revisions"}],"wp:attachment":[{"href":"https:\/\/archivioturi.lavocedelpaese.info\/index.php\/wp-json\/wp\/v2\/media?parent=14030"}],"wp:term":[{"taxonomy":"category","embeddable":true,"href":"https:\/\/archivioturi.lavocedelpaese.info\/index.php\/wp-json\/wp\/v2\/categories?post=14030"},{"taxonomy":"post_tag","embeddable":true,"href":"https:\/\/archivioturi.lavocedelpaese.info\/index.php\/wp-json\/wp\/v2\/tags?post=14030"}],"curies":[{"name":"wp","href":"https:\/\/api.w.org\/{rel}","templated":true}]}}