{"id":14015,"date":"2016-04-06T15:15:52","date_gmt":"2016-04-06T15:15:52","guid":{"rendered":"https:\/\/archivioturi.lavocedelpaese.info\/index.php\/2016\/04\/06\/topputi-puo-accomodarsi-nel-pd\/"},"modified":"2016-04-06T15:15:52","modified_gmt":"2016-04-06T15:15:52","slug":"topputi-puo-accomodarsi-nel-pd","status":"publish","type":"post","link":"https:\/\/archivioturi.lavocedelpaese.info\/index.php\/2016\/04\/06\/topputi-puo-accomodarsi-nel-pd\/","title":{"rendered":"L&#8217;effetto Lacarra: Topputi pu\u00f2 accomodarsi nel PD"},"content":{"rendered":"<p><img loading=\"lazy\" decoding=\"async\" src=\"https:\/\/farm2.staticflickr.com\/1590\/25584923004_d45acdc39c_n.jpg\" width=\"320\" height=\"213\" alt=\"15269842789_74ee1fe745_o\" \/><\/p>\n<p style=\"text-align: justify;\"><strong><span style=\"font-size: 13.3333px;\">Articolo pubblicato su &#8216;La Voce del Paese &#8211; edizione Turi&#8217;, uno dei 10 comuni del network, nelle edicole.<\/span><\/strong><\/p>\n<p style=\"text-align: justify;\"><span style=\"font-size: 13.3333px;\"><br \/><\/span><\/p>\n<p style=\"text-align: justify;\"><span style=\"font-size: 10pt;\">Con la nomina del consigliere Marco Lacarra a \u2018capo\u2019 della segreteria regionale del Partito Democratico potrebbe cambiare tutto e niente. Il riflesso nazionale potrebbe stabilizzarsi (Lacarra \u00e8 renziano), ma la \u2018vita\u2019 del governo Renzi \u00e8 appesa al filo del referendum confermativo sulle riforme costituzionali del prossimo ottobre 2016. Sar\u00e0 un autunno caldo. Il neo di Renzi \u00e8 soprattutto qui\u2026 il governo potrebbe cadere, ma non sotto i colpi dei \u2018No Triv\u2019 (referendum del prossimo 17 aprile).<\/span><\/p>\n<p style=\"text-align: justify;\"><span style=\"font-size: 10pt;\">Intanto le ricadute della nomina di Lacarra a livello regionale sono incerte, o come sostiene Pagano (vedi intervista), non si muover\u00e0 una foglia.<\/span><\/p>\n<p style=\"text-align: justify;\"><span style=\"font-size: 10pt;\">Il quadro della politica locale, invece, \u00e8 decisamente pi\u00f9 complesso, poich\u00e9 il sindaco Coppi deve tenere in vita un altare-carrozzone, una vera armata Brancaleone. In qualunque scenario, non potr\u00e0 lavorare serenamente perch\u00e9 dovr\u00e0 dare conto ai partiti e alle correnti, altrimenti \u00e8 fuori da tutto. Questo il lato oscuro della maggioranza, lontano dall\u2019orizzonte dei cittadini. Se guardiamo invece verso l\u2019orizzonte pratico-amministrativo la faccenda si complica, poich\u00e9 Coppi ha gi\u00e0 amministrato con dilettanti allo sbaraglio, assessori totalmente incompetenti (vedi Camposeo e il ponticello bocciato dal Ministero).<\/span><\/p>\n<p style=\"text-align: justify;\"><span style=\"font-size: 10pt;\"><strong>&nbsp;<\/strong><\/span><\/p>\n<p style=\"text-align: justify;\"><span style=\"font-size: 10pt;\"><strong>L\u2019effetto Lacarra<\/strong><\/span><\/p>\n<p style=\"text-align: justify;\"><span style=\"font-size: 10pt;\">L\u2019effetto Lacarra quali ricadute avr\u00e0 sul PD? Cominciamo per esclusione. Sicuramente il sindaco Coppi e tutti i vecchi volponi della nomenclatura comunista, ne escono indeboliti nei numeri. Ma la strada verso il \u2018pensionamento\u2019 sar\u00e0 dura e dolorosa. Nella primavera del 2014 il sindaco Coppi infatti si presentava con alle spalle esperienze da assessore e primo cittadino, con un centrodestra diviso, e si era fatto un film tutto suo. Non aveva detto ai suoi elettori che grazie al carrozzone messo in piedi stava andando a vincere facile. A quasi due anni da quel sogno accarezzato, la politica locale sta rendendo la vita di Coppi (ma soprattutto dei cittadini turesi) un vero inferno. Siamo passati dalle presunte chiacchiere da bar all\u2019immobilismo di una giunta che si muove come un elefante nella cristalleria: ormai non ne azzeccano una! La maggioranza \u00e8 rissosa, il sindaco di conseguenza \u00e8 sotto \u2018ricatto\u2019 di pi\u00f9 anime non solo interne alla maggioranza, ma anche al PD. Quel giardino che doveva essere, quella Eldorado sognata, quel paradiso a misura d\u2019uomo, \u00e8 una Turi sempre pi\u00f9 decadente, l\u2019adattamento figurativo dei racconti pi\u00f9 macabri di Allan Poe. Non si riesce mai a portare avanti un\u2019opera pubblica per colpe politiche e tecniche. Non sono mai chiari i costi, le spese, i materiali. Le Autorit\u00e0 si muovono con lentezza e dovrebbero far luce ovunque, dai cassetti agli spigoli pi\u00f9 inaccessibili degli uffici comunali (vedi nostra inchiesta nei giorni scorsi).<\/span><\/p>\n<p style=\"text-align: justify;\"><span style=\"font-size: 10pt;\">Torniamo per\u00f2 all\u2019aspetto prettamente politico, alle trame nascoste, a quello che non si vede e che si decide in sede non pubbliche. Con Lacarra alla guida del PD, il rimpasto di giunta sar\u00e0 ancora pi\u00f9 indigesto per i vecchi volponi, perch\u00e9 esponenti come Topputi potranno ora aderire a un PD turese sempre meno renziano. E chiss\u00e0 che non entri proprio in maggioranza.<\/span><\/p>\n<p style=\"text-align: justify;\"><span style=\"font-size: 10pt;\">L\u2019effetto Lacarra potr\u00e0 essere letale sia per quella nomenclatura comunista, che per i vecchi volponi, a proposito dei quali dovranno bruscamente interrompersi le carovane della speranza, o meglio le vie Crucis, come quella di venerd\u00ec scorso a Palazzo di Citt\u00e0: dai gradini di via XX Settembre alla stanza del sindaco, era tutto un incedere solenne di chi, una volta \u2018confessato\u2019 (senza mai ombra di pentimento), \u00e8 convinto di poter risorgere rientrando dal portone principale, come se nulla fosse stato. Prima dell\u2019effetto Lacarra, si attendeva il verdetto del sindaco Pilato che, come ormai ci ha abituato, non decide mai. In questo caso ha deciso tutto il PD regionale.<\/span><\/p>\n<p style=\"text-align: justify;\"><strong><span style=\"font-size: 10pt;\">NICOLA TEOFILO<\/span><\/strong><\/p>\n<p style=\"text-align: justify;\"><span style=\"font-size: 10pt;\">Se cos\u00ec andranno le cose, comunque Coppi sar\u00e0 salvo e non dovr\u00e0 pi\u00f9 dare conto a chi fino al venerd\u00ec santo bussava insistentemente dietro la sua porta, e pure con sorprendente disinvoltura. L\u2019effetto Lacarra gli ha tolto le castagne dal fuoco, pur dimezzando il re, ormai nudo e in prepensionamento. Peccato per\u00f2 che tra l\u2019indecisione perenne del sindaco, a decidere, ancora una volta, non sia stata la questione morale. Sarebbe bastato il solo buonsenso.<\/span><\/p>\n","protected":false},"excerpt":{"rendered":"<p><img loading=\"lazy\" decoding=\"async\" src=\"https:\/\/farm2.staticflickr.com\/1590\/25584923004_d45acdc39c_n.jpg\" width=\"320\" height=\"213\" alt=\"15269842789_74ee1fe745_o\" \/><\/p>\n","protected":false},"author":1,"featured_media":0,"comment_status":"open","ping_status":"closed","sticky":false,"template":"","format":"standard","meta":{"colormag_page_container_layout":"default_layout","colormag_page_sidebar_layout":"default_layout","footnotes":""},"categories":[4],"tags":[],"class_list":["post-14015","post","type-post","status-publish","format-standard","hentry","category-politica"],"_links":{"self":[{"href":"https:\/\/archivioturi.lavocedelpaese.info\/index.php\/wp-json\/wp\/v2\/posts\/14015","targetHints":{"allow":["GET"]}}],"collection":[{"href":"https:\/\/archivioturi.lavocedelpaese.info\/index.php\/wp-json\/wp\/v2\/posts"}],"about":[{"href":"https:\/\/archivioturi.lavocedelpaese.info\/index.php\/wp-json\/wp\/v2\/types\/post"}],"author":[{"embeddable":true,"href":"https:\/\/archivioturi.lavocedelpaese.info\/index.php\/wp-json\/wp\/v2\/users\/1"}],"replies":[{"embeddable":true,"href":"https:\/\/archivioturi.lavocedelpaese.info\/index.php\/wp-json\/wp\/v2\/comments?post=14015"}],"version-history":[{"count":0,"href":"https:\/\/archivioturi.lavocedelpaese.info\/index.php\/wp-json\/wp\/v2\/posts\/14015\/revisions"}],"wp:attachment":[{"href":"https:\/\/archivioturi.lavocedelpaese.info\/index.php\/wp-json\/wp\/v2\/media?parent=14015"}],"wp:term":[{"taxonomy":"category","embeddable":true,"href":"https:\/\/archivioturi.lavocedelpaese.info\/index.php\/wp-json\/wp\/v2\/categories?post=14015"},{"taxonomy":"post_tag","embeddable":true,"href":"https:\/\/archivioturi.lavocedelpaese.info\/index.php\/wp-json\/wp\/v2\/tags?post=14015"}],"curies":[{"name":"wp","href":"https:\/\/api.w.org\/{rel}","templated":true}]}}