{"id":14009,"date":"2016-03-28T12:35:50","date_gmt":"2016-03-28T12:35:50","guid":{"rendered":"https:\/\/archivioturi.lavocedelpaese.info\/index.php\/2016\/03\/28\/il-centurione-storia-di-una-conversione\/"},"modified":"2016-03-28T12:35:50","modified_gmt":"2016-03-28T12:35:50","slug":"il-centurione-storia-di-una-conversione","status":"publish","type":"post","link":"https:\/\/archivioturi.lavocedelpaese.info\/index.php\/2016\/03\/28\/il-centurione-storia-di-una-conversione\/","title":{"rendered":"\u201cIl Centurione \u2013 Storia di una conversione\u201d"},"content":{"rendered":"<p><img loading=\"lazy\" decoding=\"async\" src=\"https:\/\/farm2.staticflickr.com\/1591\/25814596940_ef0bcb125d_n.jpg\" width=\"320\" height=\"240\" alt=\"20160322_200227\" \/><\/p>\n<p style=\"text-align: justify;\">La fede della popolazione Turese nei confronti di Sant\u2019Oronzo sembra essere tornata quella di un tempo. Questo fatto \u00e8 dimostrato dalle belle e molteplici iniziative che recentemente si stanno organizzando in onore della settimana santa in chiesa e nella grotta a lui dedicati.<\/p>\n<p style=\"text-align: justify;\">La manifestazione pi\u00f9 recente, \u00e8 stata il concerto \u201cPassio Christi\u201d del 22 marzo, organizzato dall\u2019associazione \u201cI Bersaglieri\u201d, che, capeggiati da Alberto Lenato e sotto patrocinio comunale, hanno permesso al pubblico presente d\u2019assistere alla narrazione della storia del Centurione Caio, che dopo guerre e massacri arriva ad una svolta importante della propria vita nel momento in cui incontra Ges\u00f9.<\/p>\n<p style=\"text-align: justify;\">La particolarit\u00e0 dell\u2019evento \u00e8 stata caratterizzata sia dalla location, ovvero di fronte all\u2019altare di Sant\u2019Oronzo situato in grotta, che dalle esibizioni magistrali del gruppo musicale \u201cEnsemble Philia\u201d e del narratore Mauro Fasanelli.<\/p>\n<p style=\"text-align: justify;\">I brani, esibiti in alternanza con gli atti di narrazione, sono musiche originali e arrangiate dal direttore del gruppo Angelo Gasparro: \u201cKyrie \u2013 Petite messe solenelle\u201d di Gioacchino Rossini; \u201cThe rain sound\u201d di Angelo Gasparro; \u201cAria sulla quarta corda\u201d di J.S. Bach; \u201cSt\u00e4ndchen \u2013 Serenade\u201d di F. Schubert; \u201cEtude op.10 n.3\u201d di F. Chopin; \u201cAve Maria\u201d di L. Luzzi; \u201cAdagio dal concerto per oboe e orchestra d\u2019archi\u201d di B. Marcello; \u201cConcerto per clarinetto \u2013 Il Tempo\u201d di W.A. Mozart; \u201cKyrie \u2013 Petite messe solenelle\u201d di Gioacchino Rossini.<\/p>\n<p style=\"text-align: justify;\">&nbsp;\u201cCredo che questo luogo debba essere vissuto un po\u2019 pi\u00f9 frequentemente &#8211; dichiara a fine concerto Angelo Gasparro. \u00c8 vero che lo spazio \u00e8 poco, per\u00f2 il posto \u00e8 fantastico e merita d\u2019essere conosciuto, non solo a Turi, ma anche fuori. Noi turesi forse siamo i primi a sottovalutare le cose belle che abbiamo, quindi sarebbe bello vivere di pi\u00f9 questi posti e loro (I Bersaglieri) ci stanno riuscendo piuttosto bene.<\/p>\n<p style=\"text-align: justify;\">Permettetemi di ringraziare i ragazzi del gruppo, poich\u00e9 senza la loro collaborazione quest\u2019iniziativa non si sarebbe svolta.\u201d<\/p>\n","protected":false},"excerpt":{"rendered":"<p><img loading=\"lazy\" decoding=\"async\" src=\"https:\/\/farm2.staticflickr.com\/1591\/25814596940_ef0bcb125d_n.jpg\" width=\"320\" height=\"240\" alt=\"20160322_200227\" \/><\/p>\n","protected":false},"author":1,"featured_media":0,"comment_status":"open","ping_status":"closed","sticky":false,"template":"","format":"standard","meta":{"colormag_page_container_layout":"default_layout","colormag_page_sidebar_layout":"default_layout","footnotes":""},"categories":[6],"tags":[],"class_list":["post-14009","post","type-post","status-publish","format-standard","hentry","category-cultura"],"_links":{"self":[{"href":"https:\/\/archivioturi.lavocedelpaese.info\/index.php\/wp-json\/wp\/v2\/posts\/14009","targetHints":{"allow":["GET"]}}],"collection":[{"href":"https:\/\/archivioturi.lavocedelpaese.info\/index.php\/wp-json\/wp\/v2\/posts"}],"about":[{"href":"https:\/\/archivioturi.lavocedelpaese.info\/index.php\/wp-json\/wp\/v2\/types\/post"}],"author":[{"embeddable":true,"href":"https:\/\/archivioturi.lavocedelpaese.info\/index.php\/wp-json\/wp\/v2\/users\/1"}],"replies":[{"embeddable":true,"href":"https:\/\/archivioturi.lavocedelpaese.info\/index.php\/wp-json\/wp\/v2\/comments?post=14009"}],"version-history":[{"count":0,"href":"https:\/\/archivioturi.lavocedelpaese.info\/index.php\/wp-json\/wp\/v2\/posts\/14009\/revisions"}],"wp:attachment":[{"href":"https:\/\/archivioturi.lavocedelpaese.info\/index.php\/wp-json\/wp\/v2\/media?parent=14009"}],"wp:term":[{"taxonomy":"category","embeddable":true,"href":"https:\/\/archivioturi.lavocedelpaese.info\/index.php\/wp-json\/wp\/v2\/categories?post=14009"},{"taxonomy":"post_tag","embeddable":true,"href":"https:\/\/archivioturi.lavocedelpaese.info\/index.php\/wp-json\/wp\/v2\/tags?post=14009"}],"curies":[{"name":"wp","href":"https:\/\/api.w.org\/{rel}","templated":true}]}}