{"id":14002,"date":"2016-03-29T14:26:09","date_gmt":"2016-03-29T14:26:09","guid":{"rendered":"https:\/\/archivioturi.lavocedelpaese.info\/index.php\/2016\/03\/29\/pollice-in-alto-per-levento-di-post-it\/"},"modified":"2016-03-29T14:26:09","modified_gmt":"2016-03-29T14:26:09","slug":"pollice-in-alto-per-levento-di-post-it","status":"publish","type":"post","link":"https:\/\/archivioturi.lavocedelpaese.info\/index.php\/2016\/03\/29\/pollice-in-alto-per-levento-di-post-it\/","title":{"rendered":"Pollice in alto per l&#8217;evento di \u201cPost It\u201d"},"content":{"rendered":"<p><img loading=\"lazy\" decoding=\"async\" src=\"https:\/\/farm2.staticflickr.com\/1459\/25980133871_79d424fd49_n.jpg\" width=\"320\" height=\"240\" alt=\"l'atmosfera suggestiva creata al Boschetto Zaccheo\" \/><\/p>\n<p class=\"Standard\" style=\"text-align: justify;\">Sullo scorso numero abbiamo pubblicato un&#8217;intervista ai giovani turesi che hanno messo in piedi questa bella realt\u00e0 che \u00e8 &#8220;Post it&#8221;, una neo-nata associazione di ragazzi che si promette di scuotere il nostro piccolo paese e risvegliarlo con eventi e manifestazioni del tutto originali, o che prendano le mosse da antiche tradizioni popolari.<\/p>\n<p class=\"Standard\" style=\"text-align: justify;\">Per la festivit\u00e0 di San Giuseppe il gruppo ha organizzato un evento incentrato sulla tradizione delle \u201cfanove\u201d, ma che riuscisse soprattutto a coinvolgere la fetta giovane del pubblico, accattivandoselo con l&#8217;esibizione di musica dal vivo dei \u201cNemici di Tex\u201d (cover band dei Litfiba), con uno stand adibito alla distribuzione di drink e con un&#8217;atmosfera suggestiva capace di creare un luogo misterioso e magico. I giovani di &#8220;Post it&#8221; si sono impossessati per una sera del Boschetto Zaccheo, che rappresenta un luogo di ritrovo per molti ragazzi del nostro paese, e hanno realizzato questo semplice ma convincente evento; le luci dei lampioni sono state spente, lasciando a piccole fiamme e, ovviamente, al fal\u00f2 il compito di dar vita ad un&#8217;illuminazione fioca in tutta l&#8217;aria.<\/p>\n<p class=\"Standard\" style=\"text-align: justify;\">La risposta in termini di pubblico non \u00e8 stata niente male per un&#8217;associazione di giovani nata da pochi mesi: il loro fal\u00f2 \u00e8 stato, senza ombra di dubbio, uno di quelli che hanno spiccato durante la notte che ha anticipato la Domenica delle Palme.<\/p>\n<p class=\"Standard\" style=\"text-align: justify;\">\u201cQualche mese fa non potevamo pensare che i giovani (compresi noi) potessero passare una serata diversa dal solito non uscendo fuori paese. Ebbene &#8211; commentano gli organizzatori in un post su Facebook all&#8217;indomani della serata &#8211; ieri Post it ha ufficialmente dato la dimostrazione che si pu\u00f2! Finalmente abbiamo visto i ragazzi tutti insieme in un posto che sostanzialmente non ha un granch\u00e9 di speciale, ma \u00e8 stato reso tale dal coraggio di guardare oltre e provare a non criticare, per una volta, ma a creare con coraggio qualcosa, di banale, ma allo stesso tempo, purtroppo, impensabile. Con questo pensiero vogliamo ringraziarvi tutti dal primo all&#8217;ultimo. Coraggio e potere ai giovani! Prendiamoci quello che ci spetta, perch\u00e9 il domani \u00e8 prossimo e in quel domani ci saremo noi, che potremo dire di aver cambiato o provato a cambiare le cose\u201d.<\/p>\n<p class=\"Standard\" style=\"text-align: justify;\">I nostri complimenti a questi ragazzi cos\u00ec pieni di buoni propositi e voglia di fare, insieme ad una amichevole pacca sulla spalla per incoraggiarli ed incitarli a continuare cos\u00ec e fare sempre meglio.<\/p>\n","protected":false},"excerpt":{"rendered":"<p><img loading=\"lazy\" decoding=\"async\" src=\"https:\/\/farm2.staticflickr.com\/1459\/25980133871_79d424fd49_n.jpg\" width=\"320\" height=\"240\" alt=\"l'atmosfera suggestiva creata al Boschetto Zaccheo\" \/><\/p>\n","protected":false},"author":1,"featured_media":0,"comment_status":"open","ping_status":"closed","sticky":false,"template":"","format":"standard","meta":{"colormag_page_container_layout":"default_layout","colormag_page_sidebar_layout":"default_layout","footnotes":""},"categories":[6],"tags":[],"class_list":["post-14002","post","type-post","status-publish","format-standard","hentry","category-cultura"],"_links":{"self":[{"href":"https:\/\/archivioturi.lavocedelpaese.info\/index.php\/wp-json\/wp\/v2\/posts\/14002","targetHints":{"allow":["GET"]}}],"collection":[{"href":"https:\/\/archivioturi.lavocedelpaese.info\/index.php\/wp-json\/wp\/v2\/posts"}],"about":[{"href":"https:\/\/archivioturi.lavocedelpaese.info\/index.php\/wp-json\/wp\/v2\/types\/post"}],"author":[{"embeddable":true,"href":"https:\/\/archivioturi.lavocedelpaese.info\/index.php\/wp-json\/wp\/v2\/users\/1"}],"replies":[{"embeddable":true,"href":"https:\/\/archivioturi.lavocedelpaese.info\/index.php\/wp-json\/wp\/v2\/comments?post=14002"}],"version-history":[{"count":0,"href":"https:\/\/archivioturi.lavocedelpaese.info\/index.php\/wp-json\/wp\/v2\/posts\/14002\/revisions"}],"wp:attachment":[{"href":"https:\/\/archivioturi.lavocedelpaese.info\/index.php\/wp-json\/wp\/v2\/media?parent=14002"}],"wp:term":[{"taxonomy":"category","embeddable":true,"href":"https:\/\/archivioturi.lavocedelpaese.info\/index.php\/wp-json\/wp\/v2\/categories?post=14002"},{"taxonomy":"post_tag","embeddable":true,"href":"https:\/\/archivioturi.lavocedelpaese.info\/index.php\/wp-json\/wp\/v2\/tags?post=14002"}],"curies":[{"name":"wp","href":"https:\/\/api.w.org\/{rel}","templated":true}]}}