{"id":13977,"date":"2016-03-21T07:11:34","date_gmt":"2016-03-21T07:11:34","guid":{"rendered":"https:\/\/archivioturi.lavocedelpaese.info\/index.php\/2016\/03\/21\/passio-christi-in-chiesa-maria-ss-ausiliatrice\/"},"modified":"2016-03-21T07:11:34","modified_gmt":"2016-03-21T07:11:34","slug":"passio-christi-in-chiesa-maria-ss-ausiliatrice","status":"publish","type":"post","link":"https:\/\/archivioturi.lavocedelpaese.info\/index.php\/2016\/03\/21\/passio-christi-in-chiesa-maria-ss-ausiliatrice\/","title":{"rendered":"Passio Christi in chiesa Maria SS. Ausiliatrice"},"content":{"rendered":"<p><img loading=\"lazy\" decoding=\"async\" src=\"https:\/\/farm2.staticflickr.com\/1591\/25585443180_482eabf77b_n.jpg\" width=\"320\" height=\"213\" alt=\"L'allestimento scenografico realizzato dall'Associazione I Vecchi Tempi (4)\" \/><\/p>\n<p style=\"text-align: justify;\">Una serata intensa, ricca di musica, preghiera e amore \u00e8 quella che hanno passato i numerosissimi cittadini che hanno risposto \u2018presente\u2019 al Concerto &#8211; Meditazione \u201cPassio Christi\u201d, tenutosi nella Parrocchia Maria SS. Ausiliatrice nella serata di domenica 13 marzo.<\/p>\n<p style=\"text-align: justify;\">L\u2019evento, patrocinato dal Comune di Turi, \u00e8 stato organizzato dall\u2019associazione \u201cIl Viandante\u201d in collaborazione con la Parrocchia che ha messo a disposizione la location e il coro polifonico, l\u2019associazione \u201cI Vecchi Tempi\u201d che ha curato la stupenda scenografia e l\u2019associazione musicale \u201cMaria SS. Ausiliatrice\u201d che ha contribuito nella selezione dei brani.<\/p>\n<p style=\"text-align: justify;\">La rappresentazione, egregiamente presentata da Carmen Mezzapesa, \u00e8 stata interamente ideata da Damiano Pascalicchio, che, con la sua sprizzante energia e la tanta voglia di fare \u00e8 riuscito a vestire i panni di ben tre figure: organizzatore, direttore artistico e voce recitante.<\/p>\n<p style=\"text-align: justify;\">\u201cQuesta \u00e8 stata la mia prima esperienza da direttore artistico di un evento &#8211; ha commentato Damiano a fine serata. &nbsp;Ho accettato e creduto fino in fondo in questo incarico. L&#8217;obiettivo principale che mi ero prefissato era quello di trasmettere qualcosa ai presenti. Le ansie e le paure sono state molte ma alla fine credo sia andata pi\u00f9 che bene, visto il risultato finale. \u00c8 stata un&#8217;esperienza senza dubbio emozionante. Ringrazio tutti coloro che mi hanno sostenuto e che mi sono stati vicini durante l&#8217;organizzazione, in particolar modo ringrazio Don Ciccio e il Coro Polifonico della chiesa, che sono stati parte viva dell\u2019organizzazione dell\u2019evento e senza i quali tutto questo non sarebbe stato possibile. Vi ricordo l&#8217;appuntamento di luned\u00ec 21 presso la Grotta di Sant&#8217;Oronzo alle ore 19:00 ove sar\u00e0 riproposto il Concerto &#8211; Meditazione in una location pi\u00f9 suggestiva. Colgo l&#8217;occasione per augurarvi una Santa Pasqua\u201d.<\/p>\n<p style=\"text-align: justify;\">Come anticipato da Damiano, luned\u00ec 21 verr\u00e0 riproposta la stessa rappresentazione, che avr\u00e0 come location la chiesa situata sulla Grotta di Sant\u2019Oronzo. Nell\u2019occasione ci sar\u00e0 il contributo dell\u2019associazione \u201cI Bersaglieri\u201d, e vi sar\u00e0 anche la possibilit\u00e0 di effettuare delle visite guidate all\u2019interno della grotta.<\/p>\n<p><object width=\"640\" height=\"480\"><param name=\"flashvars\" value=\"offsite=true&amp;lang=it-it&amp;page_show_url=%2Fphotos%2F91470992%40N02%2Fsets%2F72157663750032384%2Fshow%2F&amp;page_show_back_url=%2Fphotos%2F91470992%40N02%2Fsets%2F72157663750032384%2F&amp;set_id=72157663750032384&amp;jump_to=\" \/><param name=\"movie\" value=\"https:\/\/www.flickr.com\/apps\/slideshow\/show.swf?v=261948265\" \/><param name=\"allowFullScreen\" value=\"true\" \/><embed type=\"application\/x-shockwave-flash\" src=\"https:\/\/www.flickr.com\/apps\/slideshow\/show.swf?v=261948265\" allowfullscreen=\"true\" flashvars=\"offsite=true&amp;lang=it-it&amp;page_show_url=%2Fphotos%2F91470992%40N02%2Fsets%2F72157663750032384%2Fshow%2F&amp;page_show_back_url=%2Fphotos%2F91470992%40N02%2Fsets%2F72157663750032384%2F&amp;set_id=72157663750032384&amp;jump_to=\" width=\"640\" height=\"480\" \/><\/object><\/p>\n","protected":false},"excerpt":{"rendered":"<p><img loading=\"lazy\" decoding=\"async\" src=\"https:\/\/farm2.staticflickr.com\/1591\/25585443180_482eabf77b_n.jpg\" width=\"320\" height=\"213\" alt=\"L'allestimento scenografico realizzato dall'Associazione I Vecchi Tempi (4)\" \/><\/p>\n","protected":false},"author":1,"featured_media":0,"comment_status":"open","ping_status":"closed","sticky":false,"template":"","format":"standard","meta":{"colormag_page_container_layout":"default_layout","colormag_page_sidebar_layout":"default_layout","footnotes":""},"categories":[6],"tags":[],"class_list":["post-13977","post","type-post","status-publish","format-standard","hentry","category-cultura"],"_links":{"self":[{"href":"https:\/\/archivioturi.lavocedelpaese.info\/index.php\/wp-json\/wp\/v2\/posts\/13977","targetHints":{"allow":["GET"]}}],"collection":[{"href":"https:\/\/archivioturi.lavocedelpaese.info\/index.php\/wp-json\/wp\/v2\/posts"}],"about":[{"href":"https:\/\/archivioturi.lavocedelpaese.info\/index.php\/wp-json\/wp\/v2\/types\/post"}],"author":[{"embeddable":true,"href":"https:\/\/archivioturi.lavocedelpaese.info\/index.php\/wp-json\/wp\/v2\/users\/1"}],"replies":[{"embeddable":true,"href":"https:\/\/archivioturi.lavocedelpaese.info\/index.php\/wp-json\/wp\/v2\/comments?post=13977"}],"version-history":[{"count":0,"href":"https:\/\/archivioturi.lavocedelpaese.info\/index.php\/wp-json\/wp\/v2\/posts\/13977\/revisions"}],"wp:attachment":[{"href":"https:\/\/archivioturi.lavocedelpaese.info\/index.php\/wp-json\/wp\/v2\/media?parent=13977"}],"wp:term":[{"taxonomy":"category","embeddable":true,"href":"https:\/\/archivioturi.lavocedelpaese.info\/index.php\/wp-json\/wp\/v2\/categories?post=13977"},{"taxonomy":"post_tag","embeddable":true,"href":"https:\/\/archivioturi.lavocedelpaese.info\/index.php\/wp-json\/wp\/v2\/tags?post=13977"}],"curies":[{"name":"wp","href":"https:\/\/api.w.org\/{rel}","templated":true}]}}