{"id":13951,"date":"2016-03-15T05:26:43","date_gmt":"2016-03-15T05:26:43","guid":{"rendered":"https:\/\/archivioturi.lavocedelpaese.info\/index.php\/2016\/03\/15\/i-complimenti-dellites-pertini-a-eleonora-colapietro\/"},"modified":"2016-03-15T05:26:43","modified_gmt":"2016-03-15T05:26:43","slug":"i-complimenti-dellites-pertini-a-eleonora-colapietro","status":"publish","type":"post","link":"https:\/\/archivioturi.lavocedelpaese.info\/index.php\/2016\/03\/15\/i-complimenti-dellites-pertini-a-eleonora-colapietro\/","title":{"rendered":"I complimenti dell\u2019ITES Pertini a Eleonora Colapietro"},"content":{"rendered":"<p><img loading=\"lazy\" decoding=\"async\" src=\"https:\/\/farm2.staticflickr.com\/1699\/25427085060_49058df276_n.jpg\" width=\"320\" height=\"320\" alt=\"eleonora_Colapietro\" \/><\/p>\n<p style=\"text-align: justify;\">&#8220;Vinci l&#8217;indifferenza e conquista la pace&#8221; \u00e8 il tema della II edizione del concorso letterario Premio S. Minischetti, organizzato dall&#8217;Azione Cattolica di Locorotondo che ha raggiunto alunni di diverse scuole pugliesi per sensibilizzare i ragazzi su temi di forte attualit\u00e0 e impegno sociale avvicinandoli alla poesia. Eleonora Colapietro, alunna della 3C dell\u2019Istituto \u201cPertini\u201d, incoraggiata dalla sua insegnante di lettere prof.ssa Margherita Parisi, ha partecipato al concorso meritando la pubblicazione della poesia nel volumetto che raccoglie gli elaborati migliori dimostrando come nel nostro istituto venga coltivato lo studio della letteratura e di quei generi letterari che pi\u00f9 di altri consentono di esprimere il complesso mondo interiore. Eleonora ha espresso la sua grande passione e la sua sensibilit\u00e0 con un componimento che suona come un pezzo rap, ma che in realt\u00e0,&nbsp; dietro quelle rime baciate e versi spezzati, nasconde un profondo messaggio di attualit\u00e0, amore e solidariet\u00e0.&nbsp; Complimenti Eleonora!<\/p>\n","protected":false},"excerpt":{"rendered":"<p><img loading=\"lazy\" decoding=\"async\" src=\"https:\/\/farm2.staticflickr.com\/1699\/25427085060_49058df276_n.jpg\" width=\"320\" height=\"320\" alt=\"eleonora_Colapietro\" \/><\/p>\n","protected":false},"author":1,"featured_media":0,"comment_status":"open","ping_status":"closed","sticky":false,"template":"","format":"standard","meta":{"colormag_page_container_layout":"default_layout","colormag_page_sidebar_layout":"default_layout","footnotes":""},"categories":[6],"tags":[],"class_list":["post-13951","post","type-post","status-publish","format-standard","hentry","category-cultura"],"_links":{"self":[{"href":"https:\/\/archivioturi.lavocedelpaese.info\/index.php\/wp-json\/wp\/v2\/posts\/13951","targetHints":{"allow":["GET"]}}],"collection":[{"href":"https:\/\/archivioturi.lavocedelpaese.info\/index.php\/wp-json\/wp\/v2\/posts"}],"about":[{"href":"https:\/\/archivioturi.lavocedelpaese.info\/index.php\/wp-json\/wp\/v2\/types\/post"}],"author":[{"embeddable":true,"href":"https:\/\/archivioturi.lavocedelpaese.info\/index.php\/wp-json\/wp\/v2\/users\/1"}],"replies":[{"embeddable":true,"href":"https:\/\/archivioturi.lavocedelpaese.info\/index.php\/wp-json\/wp\/v2\/comments?post=13951"}],"version-history":[{"count":0,"href":"https:\/\/archivioturi.lavocedelpaese.info\/index.php\/wp-json\/wp\/v2\/posts\/13951\/revisions"}],"wp:attachment":[{"href":"https:\/\/archivioturi.lavocedelpaese.info\/index.php\/wp-json\/wp\/v2\/media?parent=13951"}],"wp:term":[{"taxonomy":"category","embeddable":true,"href":"https:\/\/archivioturi.lavocedelpaese.info\/index.php\/wp-json\/wp\/v2\/categories?post=13951"},{"taxonomy":"post_tag","embeddable":true,"href":"https:\/\/archivioturi.lavocedelpaese.info\/index.php\/wp-json\/wp\/v2\/tags?post=13951"}],"curies":[{"name":"wp","href":"https:\/\/api.w.org\/{rel}","templated":true}]}}