{"id":13946,"date":"2016-03-15T15:54:35","date_gmt":"2016-03-15T15:54:35","guid":{"rendered":"https:\/\/archivioturi.lavocedelpaese.info\/index.php\/2016\/03\/15\/costituzione-comitato-no-triv-per-il-si-al-referendum\/"},"modified":"2016-03-15T15:54:35","modified_gmt":"2016-03-15T15:54:35","slug":"costituzione-comitato-no-triv-per-il-si-al-referendum","status":"publish","type":"post","link":"https:\/\/archivioturi.lavocedelpaese.info\/index.php\/2016\/03\/15\/costituzione-comitato-no-triv-per-il-si-al-referendum\/","title":{"rendered":"Costituzione Comitato NO TRIV per il SI al referendum"},"content":{"rendered":"<p><img loading=\"lazy\" decoding=\"async\" src=\"https:\/\/farm1.staticflickr.com\/688\/22990509123_8e4ffb6848_n.jpg\" width=\"320\" height=\"200\" alt=\"Cassazione conferma i quesiti referendari &quot;no triv&quot;\" \/><\/p>\n<p style=\"text-align: justify;\">Molti i comitati, i cittadini, i movimenti che da tempo hanno ingaggiato una battaglia senza tregua contro l\u2019idea perversa di trivellare i nostri mari. Il movimento no Triv Terra di Bari, in sinergia con il comitato No Triv nazionale, sta mettendo in campo, gi\u00e0 da diversi anni, tutte le sue energie per combattere questa scelta assurda e insensata.<\/p>\n<p style=\"text-align: justify;\">L\u2019associazione Il ponte del Don ha aderito gi\u00e0 dallo scorso Giugno al movimento provinciale e nazionale NO TRIV, ma ora che il referendum \u00e8 alle porte, \u00e8 necessario attivarci sui territori per lottare tutti insieme per la salvaguardia dei nostri mari. A questo scopo il nostro intento \u00e8 costituire, nel nostro paese, un comitato per il &#8220;si&#8221; al referendum del prossimo 17 aprile. Condividere questa battaglia con tutte le realt\u00e0 locali, sensibilizzando la gente affinch\u00e9 vada a votare, non solo perch\u00e9 vinca il &#8220;SI&#8221;, ma anche per raggiungere il quorum previsto per l\u2019abrogazione del quesito referendario, \u00e8 fondamentale. La battaglia contro le trivellazioni, infatti, \u00e8 trasversale e ha racchiuso in se tante realt\u00e0 unite dall\u2019intento di fermare lo scempio dei nostri mari tra cui 9 regioni in prima linea e innumerevoli i comuni, tra cui anche il comune di Turi, che il 27 luglio scorso all\u2019unanimit\u00e0, votava un ordine del giorno contro le trivellazioni in mare. Ora pi\u00f9 che mai \u00e8 necessario il contributo di tutti, \u00e8 necessario mettere da parte qualsiasi individualismo e unirci tutti sotto l\u2019unica bandiera del movimento No Triv.<\/p>\n<p style=\"text-align: justify;\">\u00c8 un momento importante, non possiamo permettere che si faccia un regalo a poche e grandi multinazionali del petrolio, che non solo non porter\u00e0 nessun beneficio per il nostro territorio e per coloro che lo abitano, ma che rischia di essere un bumerang per l\u2019ecosistema dei nostri mari, per l\u2019agricoltura e per il turismo della nostra Puglia. Infatti, nonostante la contrariet\u00e0 espressa dai cittadini dei luoghi coinvolti, nonostante le grandi manifestazioni che ci sono state (basti pensare alle decine di migliaia di persone presenti a a Lanciano il 23 maggio scorso), si \u00e8 dato il via libera a trivellazioni ovunque dall\u2019Adriatico, al Mar Ionio, al Canale di Sicilia.<\/p>\n<p style=\"text-align: justify;\">Per questo, condividiamo e sosteniamo con forza il nostro SI al referendum abrogativo e vogliamo poterlo urlare con forza insieme a tutti voi. Vi invitiamo il <strong>17 Marzo alle 18:30<\/strong> presso la <strong>Biblioteca comunale<\/strong> a sottoscrivere la creazione del comitato e condividere quest\u2019ultimo sforzo per vincere la battaglia.<\/p>\n<p align=\"right\" style=\"text-align: justify;\">Il presidente<\/p>\n<p align=\"right\" style=\"text-align: justify;\">Sara Coppi<\/p>\n","protected":false},"excerpt":{"rendered":"<p><img loading=\"lazy\" decoding=\"async\" src=\"https:\/\/farm1.staticflickr.com\/688\/22990509123_8e4ffb6848_n.jpg\" width=\"320\" height=\"200\" alt=\"Cassazione conferma i quesiti referendari &quot;no triv&quot;\" \/><\/p>\n","protected":false},"author":1,"featured_media":0,"comment_status":"open","ping_status":"closed","sticky":false,"template":"","format":"standard","meta":{"colormag_page_container_layout":"default_layout","colormag_page_sidebar_layout":"default_layout","footnotes":""},"categories":[4],"tags":[],"class_list":["post-13946","post","type-post","status-publish","format-standard","hentry","category-politica"],"_links":{"self":[{"href":"https:\/\/archivioturi.lavocedelpaese.info\/index.php\/wp-json\/wp\/v2\/posts\/13946","targetHints":{"allow":["GET"]}}],"collection":[{"href":"https:\/\/archivioturi.lavocedelpaese.info\/index.php\/wp-json\/wp\/v2\/posts"}],"about":[{"href":"https:\/\/archivioturi.lavocedelpaese.info\/index.php\/wp-json\/wp\/v2\/types\/post"}],"author":[{"embeddable":true,"href":"https:\/\/archivioturi.lavocedelpaese.info\/index.php\/wp-json\/wp\/v2\/users\/1"}],"replies":[{"embeddable":true,"href":"https:\/\/archivioturi.lavocedelpaese.info\/index.php\/wp-json\/wp\/v2\/comments?post=13946"}],"version-history":[{"count":0,"href":"https:\/\/archivioturi.lavocedelpaese.info\/index.php\/wp-json\/wp\/v2\/posts\/13946\/revisions"}],"wp:attachment":[{"href":"https:\/\/archivioturi.lavocedelpaese.info\/index.php\/wp-json\/wp\/v2\/media?parent=13946"}],"wp:term":[{"taxonomy":"category","embeddable":true,"href":"https:\/\/archivioturi.lavocedelpaese.info\/index.php\/wp-json\/wp\/v2\/categories?post=13946"},{"taxonomy":"post_tag","embeddable":true,"href":"https:\/\/archivioturi.lavocedelpaese.info\/index.php\/wp-json\/wp\/v2\/tags?post=13946"}],"curies":[{"name":"wp","href":"https:\/\/api.w.org\/{rel}","templated":true}]}}