{"id":13924,"date":"2016-03-05T15:43:58","date_gmt":"2016-03-05T15:43:58","guid":{"rendered":"https:\/\/archivioturi.lavocedelpaese.info\/index.php\/2016\/03\/05\/nicola-bavaro-segretario-regionale-sel-a-turi\/"},"modified":"2016-03-05T15:43:58","modified_gmt":"2016-03-05T15:43:58","slug":"nicola-bavaro-segretario-regionale-sel-a-turi","status":"publish","type":"post","link":"https:\/\/archivioturi.lavocedelpaese.info\/index.php\/2016\/03\/05\/nicola-bavaro-segretario-regionale-sel-a-turi\/","title":{"rendered":"Nicola Bavaro, Segretario regionale Sel a Turi"},"content":{"rendered":"<p><img loading=\"lazy\" decoding=\"async\" src=\"https:\/\/farm4.staticflickr.com\/3791\/9033652246_b1518ea538_n.jpg\" width=\"320\" height=\"213\" alt=\"sel logo\" \/><\/p>\n<p class=\"Standard\" style=\"text-align: justify;\">Il segretario regionale di Sinistra Ecologia Libert\u00e0, Nicola Bavaro, sar\u00e0 a Turi il prossimo 6 Marzo. La visita avverr\u00e0 in occasione dell&#8217;Assemblea che si terr\u00e0 alle 18 presso la locale sede del partito.<\/p>\n<p class=\"Standard\" style=\"text-align: justify;\">Il Segretario illustrer\u00e0 i punti salienti delle recenti attivit\u00e0 all&#8217;interno della Regione Puglia, far\u00e0 il punto sul nascente soggetto politico e ascolter\u00e0 con grande attenzione le problematiche del territorio turese.<\/p>\n<p class=\"Standard\" style=\"text-align: justify;\">\u201cSalutiamo con gratitudine il gesto di attenzione verso il paese di Turi da parte del nostro Segretario. E&#8217; un passaggio importante per rinsaldare il legame tra politica regionale e realt\u00e0 locale. Siamo sicuri che sar\u00e0 un&#8217;occasione di crescita per tutti\u201d.<\/p>\n<p class=\"Standard\" align=\"right\" style=\"text-align: right;\"><em><strong>Fabrizio Resta<\/strong><\/em><\/p>\n<p class=\"Standard\" align=\"right\" style=\"text-align: right;\"><em><strong>Segretario di Sinistra Ecologia Libert\u00e0 di Turi<\/strong><\/em><\/p>\n<p style=\"text-align: right;\"><em>&nbsp;<\/em><\/p>\n","protected":false},"excerpt":{"rendered":"<p><img loading=\"lazy\" decoding=\"async\" src=\"https:\/\/farm4.staticflickr.com\/3791\/9033652246_b1518ea538_n.jpg\" width=\"320\" height=\"213\" alt=\"sel logo\" \/><\/p>\n","protected":false},"author":1,"featured_media":0,"comment_status":"open","ping_status":"closed","sticky":false,"template":"","format":"standard","meta":{"colormag_page_container_layout":"default_layout","colormag_page_sidebar_layout":"default_layout","footnotes":""},"categories":[4],"tags":[],"class_list":["post-13924","post","type-post","status-publish","format-standard","hentry","category-politica"],"_links":{"self":[{"href":"https:\/\/archivioturi.lavocedelpaese.info\/index.php\/wp-json\/wp\/v2\/posts\/13924","targetHints":{"allow":["GET"]}}],"collection":[{"href":"https:\/\/archivioturi.lavocedelpaese.info\/index.php\/wp-json\/wp\/v2\/posts"}],"about":[{"href":"https:\/\/archivioturi.lavocedelpaese.info\/index.php\/wp-json\/wp\/v2\/types\/post"}],"author":[{"embeddable":true,"href":"https:\/\/archivioturi.lavocedelpaese.info\/index.php\/wp-json\/wp\/v2\/users\/1"}],"replies":[{"embeddable":true,"href":"https:\/\/archivioturi.lavocedelpaese.info\/index.php\/wp-json\/wp\/v2\/comments?post=13924"}],"version-history":[{"count":0,"href":"https:\/\/archivioturi.lavocedelpaese.info\/index.php\/wp-json\/wp\/v2\/posts\/13924\/revisions"}],"wp:attachment":[{"href":"https:\/\/archivioturi.lavocedelpaese.info\/index.php\/wp-json\/wp\/v2\/media?parent=13924"}],"wp:term":[{"taxonomy":"category","embeddable":true,"href":"https:\/\/archivioturi.lavocedelpaese.info\/index.php\/wp-json\/wp\/v2\/categories?post=13924"},{"taxonomy":"post_tag","embeddable":true,"href":"https:\/\/archivioturi.lavocedelpaese.info\/index.php\/wp-json\/wp\/v2\/tags?post=13924"}],"curies":[{"name":"wp","href":"https:\/\/api.w.org\/{rel}","templated":true}]}}