{"id":13909,"date":"2016-03-02T10:57:31","date_gmt":"2016-03-02T10:57:31","guid":{"rendered":"https:\/\/archivioturi.lavocedelpaese.info\/index.php\/2016\/03\/02\/arriva-la-mensa-20\/"},"modified":"2016-03-02T10:57:31","modified_gmt":"2016-03-02T10:57:31","slug":"arriva-la-mensa-20","status":"publish","type":"post","link":"https:\/\/archivioturi.lavocedelpaese.info\/index.php\/2016\/03\/02\/arriva-la-mensa-20\/","title":{"rendered":"Arriva la mensa 2.0"},"content":{"rendered":"<p><img loading=\"lazy\" decoding=\"async\" src=\"https:\/\/farm1.staticflickr.com\/589\/20921346953_ced72568f1_n.jpg\" width=\"320\" height=\"240\" alt=\"Assessore Giusy Caldararo\" \/><\/p>\n<p style=\"text-align: justify;\">La mensa scolastica di Turi sar\u00e0 una <strong>mensa 2.0<\/strong>. Questo \u00e8 l\u2019obiettivo che intende raggiungere l\u2019assessore Giusy Caldararo, che in questi mesi ha preso contatti con le altre realt\u00e0 dei paesi limitrofi per valutarne costi e benefici. Un esempio: l\u2019informatizzazione del servizio mensa, gi\u00e0 sperimentata con successo in comuni come Polignano, con il quale l\u2019assessore Caldararo ha preso contatti. A Polignano il servizio mensa si paga con una semplice ricarica telefonica. E se l\u2019alunno deve assentarsi, \u00e8 possibile annullare il pranzo inviando un sms entro le ore 9 del mattino, evitando cos\u00ec di pagarlo inutilmente. Il costo inoltre \u00e8 stato suddiviso per reddito secondo il modello Isee, pi\u00f9 equo e giusto.<\/p>\n<p style=\"text-align: justify;\">\u201cSono sicura che il sistema informatizzato del servizio mensa \u2013 osserva la Caldararo \u2013 sar\u00e0 un vantaggio anche per il Comune di Turi e per i turesi che, attraverso una semplice ricarica telefonica, eviteranno lungaggini pesanti, come prendere il bollettino, fare la coda per pagare, andare in banca\u2026 Mi auguro che vada in porto non solo per snellire il servizio, ma anche per ottenere dati pi\u00f9 trasparenti e avere il quadro chiaro su chi paga e chi no e su quanto bisognerebbe far pagare. Vorrei informatizzare anche il servizio del trasporto scolastico. Le novit\u00e0 fanno spaventano un po\u2019 all\u2019inizio, rompono gli equilibri, ma hanno bisogno dei tempi per essere collaudate, per entrare nell\u2019abitudine. Ad ogni modo occorre maggiore agilit\u00e0 e trasparenza nei dati del servizio mensa\u201d.<\/p>\n<p style=\"text-align: justify;\"><strong>Lunch Box. In arrivo il verdetto Asl.<\/strong><\/p>\n<p style=\"text-align: justify;\">Ci sono novit\u00e0 attese anche per il lunch box, il vassoio per il servizio mensa a scuola. A giorni infatti arriveranno i \u2018referti\u2019 dell\u2019Asl. \u201cI bambini stanno continuando a mangiare nei piatti biodegradabili. Finalmente \u2013 ci fa sapere l\u2019assessore Caldararo \u2013 dopo tante insistenze, la ditta ha inviato la scheda tecnica del servizio lunch box e il sindaco Coppi ha scritto all\u2019Asl proprio la settimana scorsa, allegando alla nota una scheda tecnica dettagliata sui materiali che saranno utilizzati e sulle caratteristiche del servizio. Mi auguro che la risposta dell\u2019Asl arrivi subito cos\u00ec decidiamo il da farsi\u201d.<\/p>\n<p style=\"text-align: justify;\"><strong>&nbsp;<\/strong><\/p>\n<p style=\"text-align: justify;\"><strong>Lavori nelle scuole e controsoffittatura.<\/strong><\/p>\n<p style=\"text-align: justify;\">Anche sul piano dell\u2019edilizia scolastica si procede. \u00c8 pronta la scheda tecnica per la controsoffittatura dell\u2019asilo nido. \u00c8 la stessa assessore Caldararo a informare i cittadini in consiglio. \u201cSono state eseguite due procedure, una per gli arredi e l\u2019altra per la controsoffittatura. Gli arredi \u2013 spiega \u2013 sono stati acquistati sul Mepa e l\u2019offerta tecnica \u00e8 stata aperta il 16 febbraio, quindi per legge devono decorrere dei giorni per eventuali ricorsi. Invece per quanto riguarda la controsoffittatura, la procedura legale \u00e8 la stessa e le offerte tecniche sono state aperte il 12 febbraio. Il Ministero ci obbliga a finire e rendicontare i lavori entro fine aprile. Lavori che secondo l\u2019ing. Cicala, essendo i pannelli gi\u00e0 tutti \u2018prefabbrica\u2019, richiederanno non pi\u00f9 15 giorni. Quindi a fine aprile ultimiamo i lavori e rendicontiamo. Poi si dovr\u00e0 procedere con l\u2019affidamento dell\u2019asilo, e dovremmo optare per la gestione esterna poich\u00e9 le casse comunali non sono ricchissime\u201d.<\/p>\n<p style=\"text-align: justify;\">Noi qualche suggerimento per rimpinguare le casse &#8211; certamente non facili da gestire in tempi di vacche magre &#8211; ce l\u2019abbiamo: gli altri assessori e consiglieri facciano il loro dovere recuperando gli oneri di urbanizzazione evasi in passato, un vero scandalo turese mai del tutto chiarito.<\/p>\n<p style=\"text-align: justify;\">\u201cAltri lavori di manutenzione straordinaria \u2013 ricorda l\u2019assessore \u2013 sono stati fatti. Abbiamo sostituito la caldaia e concesso il contributo per la manutenzione ordinaria. Poi purtroppo ci sono scuole vecchie di cinquant\u2019anni che andrebbero ricostruite ex novo\u2026 ma questa \u00e8 un\u2019altra storia\u201d.<\/p>\n<p style=\"text-align: justify;\"><strong>Topi a scuola.<\/strong><\/p>\n<p style=\"text-align: justify;\">Si \u00e8 parlato anche del topo avvistato a scuola \u2018Madre Teresa di Calcutta\u2019, in via Casamassima. \u201cMi hanno mandato la foto del topo e sono subito intervenuta contattando sindaco e capogruppo, i quali si sono immediatamente attivati. Ogni anno per\u00f2 &#8211; chiarisce l\u2019assessore Caldararo &#8211; l\u2019ufficio ambiente procede con la derattizzazione. Potrei sbagliarmi, ma nel caso specifico credo che dipenda tutto dall\u2019ex caserma dei carabinieri in stato di abbandono, perch\u00e9 intorno al quartiere problemi non ce ne sono. Inoltre c\u2019\u00e8 il boschetto Zaccheo che con quella colonia felina non dovrebbe consentire l\u2019avvicinamento dei ratti. Il verde nelle scuole \u00e8 stato ripulito a fine ottobre, e si sta ricominciando. Quindi, se fosse un problema di tutte le scuole, avremmo questo fenomeno ovunque\u201d.<\/p>\n<p style=\"text-align: justify;\"><strong>Centro diversabili.<\/strong><\/p>\n<p style=\"text-align: justify;\">Ci sono novit\u00e0 in vista per quanto riguarda il centro diversabili. Luned\u00ec mattina, 22 febbraio, l\u2019assessore Caldararo ha chiesto all\u2019ItalGas di effettuare un sopralluogo per il riscaldamento di entrambi i centri. Al centro disabili sono stati inoltre consegnati tutti gli arredi in fase di montaggio, e si stanno preparando incontri pubblici organizzati con l\u2019azienda che gestir\u00e0 il centro. Questo servizio sar\u00e0 rivolto agli utenti dai 0 ai 64 anni e sar\u00e0 finalizzato o svolgere pi\u00f9 attivit\u00e0.<\/p>\n<p style=\"text-align: justify;\">&nbsp;<\/p>\n","protected":false},"excerpt":{"rendered":"<p><img loading=\"lazy\" decoding=\"async\" src=\"https:\/\/farm1.staticflickr.com\/589\/20921346953_ced72568f1_n.jpg\" width=\"320\" height=\"240\" alt=\"Assessore Giusy Caldararo\" \/><\/p>\n","protected":false},"author":1,"featured_media":0,"comment_status":"open","ping_status":"closed","sticky":false,"template":"","format":"standard","meta":{"colormag_page_container_layout":"default_layout","colormag_page_sidebar_layout":"default_layout","footnotes":""},"categories":[4],"tags":[],"class_list":["post-13909","post","type-post","status-publish","format-standard","hentry","category-politica"],"_links":{"self":[{"href":"https:\/\/archivioturi.lavocedelpaese.info\/index.php\/wp-json\/wp\/v2\/posts\/13909","targetHints":{"allow":["GET"]}}],"collection":[{"href":"https:\/\/archivioturi.lavocedelpaese.info\/index.php\/wp-json\/wp\/v2\/posts"}],"about":[{"href":"https:\/\/archivioturi.lavocedelpaese.info\/index.php\/wp-json\/wp\/v2\/types\/post"}],"author":[{"embeddable":true,"href":"https:\/\/archivioturi.lavocedelpaese.info\/index.php\/wp-json\/wp\/v2\/users\/1"}],"replies":[{"embeddable":true,"href":"https:\/\/archivioturi.lavocedelpaese.info\/index.php\/wp-json\/wp\/v2\/comments?post=13909"}],"version-history":[{"count":0,"href":"https:\/\/archivioturi.lavocedelpaese.info\/index.php\/wp-json\/wp\/v2\/posts\/13909\/revisions"}],"wp:attachment":[{"href":"https:\/\/archivioturi.lavocedelpaese.info\/index.php\/wp-json\/wp\/v2\/media?parent=13909"}],"wp:term":[{"taxonomy":"category","embeddable":true,"href":"https:\/\/archivioturi.lavocedelpaese.info\/index.php\/wp-json\/wp\/v2\/categories?post=13909"},{"taxonomy":"post_tag","embeddable":true,"href":"https:\/\/archivioturi.lavocedelpaese.info\/index.php\/wp-json\/wp\/v2\/tags?post=13909"}],"curies":[{"name":"wp","href":"https:\/\/api.w.org\/{rel}","templated":true}]}}