{"id":13896,"date":"2016-02-22T09:42:49","date_gmt":"2016-02-22T09:42:49","guid":{"rendered":"https:\/\/archivioturi.lavocedelpaese.info\/index.php\/2016\/02\/22\/mariano-a-casa-sanremo\/"},"modified":"2016-02-22T09:42:49","modified_gmt":"2016-02-22T09:42:49","slug":"mariano-a-casa-sanremo","status":"publish","type":"post","link":"https:\/\/archivioturi.lavocedelpaese.info\/index.php\/2016\/02\/22\/mariano-a-casa-sanremo\/","title":{"rendered":"Mariano a Casa Sanremo"},"content":{"rendered":"<p><img loading=\"lazy\" decoding=\"async\" src=\"https:\/\/farm2.staticflickr.com\/1699\/25142883715_19cc05708f_n.jpg\" alt=\"12733617_1560552044256795_7901895787926221082_n\" width=\"320\" height=\"240\" \/><\/p>\n<p style=\"text-align: justify;\">Ha rappresentato la Puglia vincendo al Festival Apulia per cantare e stupire a Sanremo Unlimited e Casa Sanremo. \u00c8 Mariano Di Venere, il noto cantante turese, vincitore del premio miglior stile al IX Festival Apulia 2015, terzo classificato al Festival Nazionale &#8220;La Bella &amp; La Voce Inverno 2015&#8221; e gi\u00e0 in radio con l\u2019ultimo suo singolo \u201cVirtualit\u00e0\u201d. Con la sua voce ha rappresentato la Puglia a Sanremo Unlimited e Casa Sanremo l\u201911 e il 12 febbraio, salendo sul palco del Palafiori e partecipando al premio Voice Award 2016. Lo abbiamo incontrato al suo ritorno a casa, ammirando nei suoi occhi le emozioni di vivere le giornate del Festival.<\/p>\n<p><img loading=\"lazy\" decoding=\"async\" src=\"https:\/\/farm2.staticflickr.com\/1594\/24516026283_b4e22da1a7_n.jpg\" alt=\"12728764_1560553687589964_4473977525237895972_n\" width=\"320\" height=\"320\" style=\"float: right;\" \/><\/p>\n<p style=\"text-align: justify;\">\u201cVivere Sanremo nella settimana del Festival \u00e8 stata una delle esperienze pi\u00f9 belle vissute fino ad ora. Casa Sanremo \u00e8 una esperienza unica, il cuore pulsante del festival: dalle radio, agli eventi, ai giornalisti, ai cantanti, ai personaggi famosi del mondo musicale e non. Ho avuto la possibilit\u00e0 di esibirmi in una vetrina cos\u00ec prestigiosa e l&#8217;occasione di conoscere e confrontarmi con persone importanti del panorama musicale, vivere a trecentosessanta gradi le emozioni che solo il Festival di Sanremo pu\u00f2 regalare\u201d.<\/p>\n<p style=\"text-align: justify;\"><strong>Ti abbiamo visto con un premio in mano. Ce ne parli?<\/strong><\/p>\n<p style=\"text-align: justify;\">\u201cIl National Voice Award \u00e8 un riconoscimento importante dedicato alle nuove proposte. Assume un valore ancor pi\u00f9 grande se consegnato su un palco magico come quello della Lounge &#8211; Sala Mango di Casa Sanremo, palco che ha visto alternarsi tutti i campioni in gara al Festival e ospiti prestigiosi. Questa esperienza \u00e8 stata rigeneratrice, mi ha donato una nuova carica per affrontare con pi\u00f9 grinta il mio percorso artistico. Ci sono diverse novit\u00e0 in arrivo\u201d.<\/p>\n<p style=\"text-align: justify;\"><strong>E ora passiamo alla kermesse canora. Condividi le vittorie del Festival?<\/strong><\/p>\n<p style=\"text-align: justify;\">\u201cQuest&#8217;anno al Festival non ci sono stati brani che mi hanno particolarmente colpito ad un primo ascolto. Il valore di un brano lo si capisce con un ascolto attento e minuzioso. Credo che il podio di questa 66\u00b0 edizione rispetti il gusto della tradizione italiana con una ventata di modernit\u00e0 e internazionalit\u00e0, non mi dispiace\u201d.<\/p>\n<p style=\"text-align: justify;\"><strong>Quanto la partecipazione e soprattutto la vittoria pu\u00f2 aiutare, oggi, nella carriera di un musicista italiano?<\/strong><\/p>\n<p style=\"text-align: justify;\">\u201cCredo che gi\u00e0 la partecipazione ad una kermesse cos\u00ec prestigiosa sia gi\u00e0 una grande vittoria. Che piaccia o no, il Festival di Sanremo \u00e8 una grande vetrina di lancio (per lo meno per i giovani) o una nuova sfida per i Big. \u00c8 l&#8217;evento musicale pi\u00f9 seguito in Italia. Nonostante questo, la vera vittoria la si determina nel post Festival con le vendite e passaggi radio. L&#8217;esposizione mediatica di Sanremo aiuta un artista ma la restante parte del lavoro spetta all&#8217;artista stesso\u201d.<\/p>\n<p style=\"text-align: justify;\">Auguriamo a Mariano di continuare a calcare il palcoscenico dei suoi sogni e nel nostro piccolo, proseguiremo a seguirlo incitandolo e ringraziandolo per portare la sua voce, la voce turese, sui palchi pi\u00f9 belli d\u2019Italia.<\/p>\n","protected":false},"excerpt":{"rendered":"<p><img loading=\"lazy\" decoding=\"async\" src=\"https:\/\/farm2.staticflickr.com\/1699\/25142883715_19cc05708f_n.jpg\" alt=\"12733617_1560552044256795_7901895787926221082_n\" width=\"320\" height=\"240\" \/><\/p>\n","protected":false},"author":1,"featured_media":0,"comment_status":"open","ping_status":"closed","sticky":false,"template":"","format":"standard","meta":{"colormag_page_container_layout":"default_layout","colormag_page_sidebar_layout":"default_layout","footnotes":""},"categories":[6],"tags":[],"class_list":["post-13896","post","type-post","status-publish","format-standard","hentry","category-cultura"],"_links":{"self":[{"href":"https:\/\/archivioturi.lavocedelpaese.info\/index.php\/wp-json\/wp\/v2\/posts\/13896","targetHints":{"allow":["GET"]}}],"collection":[{"href":"https:\/\/archivioturi.lavocedelpaese.info\/index.php\/wp-json\/wp\/v2\/posts"}],"about":[{"href":"https:\/\/archivioturi.lavocedelpaese.info\/index.php\/wp-json\/wp\/v2\/types\/post"}],"author":[{"embeddable":true,"href":"https:\/\/archivioturi.lavocedelpaese.info\/index.php\/wp-json\/wp\/v2\/users\/1"}],"replies":[{"embeddable":true,"href":"https:\/\/archivioturi.lavocedelpaese.info\/index.php\/wp-json\/wp\/v2\/comments?post=13896"}],"version-history":[{"count":0,"href":"https:\/\/archivioturi.lavocedelpaese.info\/index.php\/wp-json\/wp\/v2\/posts\/13896\/revisions"}],"wp:attachment":[{"href":"https:\/\/archivioturi.lavocedelpaese.info\/index.php\/wp-json\/wp\/v2\/media?parent=13896"}],"wp:term":[{"taxonomy":"category","embeddable":true,"href":"https:\/\/archivioturi.lavocedelpaese.info\/index.php\/wp-json\/wp\/v2\/categories?post=13896"},{"taxonomy":"post_tag","embeddable":true,"href":"https:\/\/archivioturi.lavocedelpaese.info\/index.php\/wp-json\/wp\/v2\/tags?post=13896"}],"curies":[{"name":"wp","href":"https:\/\/api.w.org\/{rel}","templated":true}]}}