{"id":13886,"date":"2016-02-23T06:45:25","date_gmt":"2016-02-23T06:45:25","guid":{"rendered":"https:\/\/archivioturi.lavocedelpaese.info\/index.php\/2016\/02\/23\/una-conferenza-deserta\/"},"modified":"2016-02-23T06:45:25","modified_gmt":"2016-02-23T06:45:25","slug":"una-conferenza-deserta","status":"publish","type":"post","link":"https:\/\/archivioturi.lavocedelpaese.info\/index.php\/2016\/02\/23\/una-conferenza-deserta\/","title":{"rendered":"Una conferenza deserta"},"content":{"rendered":"<p><img loading=\"lazy\" decoding=\"async\" src=\"https:\/\/farm2.staticflickr.com\/1672\/25037234241_a08c085ffb_n.jpg\" width=\"320\" height=\"240\" alt=\"L'aula consiliare vuota\" \/><\/p>\n<p style=\"text-align: justify;\">Ha risuonato come un eco, l\u2019invito rivolto alla cittadinanza dall\u2019Assessore alla Polizia Municipale, Gianvito Pedone, a riunirsi nella sala consiliare, marted\u00ec 16 febbraio, per affrontare assieme l\u2019annoso problema della sicurezza e risolvere, nell\u2019immediato, l\u2019ostacolo della mancanza di una vigilanza nei pressi delle sedi scolastiche.<\/p>\n<p style=\"text-align: justify;\">Un invito praticamente rimbalzato e tornato al mittente, come ha dimostrato la quasi totale assenza di partecipazione \u2013 erano presenti solo cinque turesi \u2013 che ha avvalorato quasi il disinteresse, comunitario, a collaborare per risolvere un problema cos\u00ec tanto lamentato e sentito.<\/p>\n<p style=\"text-align: justify;\">\u201cVolevamo risolvere il problema con l\u2019ausilio dei vigili volontari, ma \u2013 ripete l\u2019Assessore ai pochissimi presenti in sala \u2013 come pi\u00f9 volte detto, sono pervenute solo quattro adesioni\u201d. Torna a riformulare la difficolt\u00e0, Pedone, ad avviare il programma dei vigili volontari con cos\u00ec poche unit\u00e0 che, seppure utili, \u201csarebbero insufficienti per i tre plessi scolastici dove servirebbe garantire almeno quattro figure che, alternandosi, possano garantire la presenza nelle ore di entrata ed uscita dei bambini da scuola\u201d.<\/p>\n<p style=\"text-align: justify;\">Evidente la difficolt\u00e0 che anche sulle nostre colonne l\u2019amministrazione, per bocca dell\u2019assessore, ha palesato per risolvere il problema, soprattutto dinanzi ad una carenza di unit\u00e0 di Polizia Municipale che, ripete Pedone: \u201cAbbiamo pi\u00f9 volte richiesto e che ci auguriamo possiamo colmare a breve. Sicuramente non potremo usufruire della mobilit\u00e0 del personale provinciale, ormai totalmente assorbito dalla Regione per la Citt\u00e0 Metropolitana, pertanto stiamo lavorando per colmare queste mancanze\u201d. Ma fino ad allora, rilancia la richiesta di una collaborazione della comunit\u00e0 perch\u00e9, prosegue, \u201c\u00e8 facile parlare e lamentarsi, molto pi\u00f9 difficile \u00e8 contribuire a trovare assieme delle soluzioni idonee per il nostro comune\u201d.<\/p>\n<p style=\"text-align: justify;\">Di fronte alle numerose difficolt\u00e0 palesate dai genitori \u00e8 lo stesso Assessore a non voler ricorrere comunque ai pochi volontari che hanno manifestato l\u2019interesse a fungere da vigili, poich\u00e9, spiega: \u201cBisogna avviare delle pratiche assicurative che risulterebbero esose per sole quattro figure. Quindi con il vigile volontario non possiamo andare avanti!\u201d. Dala voce di uno dei presenti \u00e8 giunta la richiesta di chiarimento sulla questione, domandando come mai non possano essere ascritti nella stessa tipologia dei volontari della Protezione Civile e perch\u00e9 non possono essere impiegati tali volontari nella vigilanza dei plessi. Immediata la replica di Pedone: \u201cTra le azioni dei Volontari del Gruppo Comunale non rientra quella di vigliare davanti alle scuole e la loro forma assicurativa non pu\u00f2 essere impiegata per i vigili volontari. Parliamo di due figure ben distinte\u201d.<\/p>\n<p style=\"text-align: justify;\">Dinanzi alle difficolt\u00e0 di formulare soluzioni utili per tutti, \u00e8 lo stesso Assessore a concludere l\u2019incontro avanzando la sua ipotesi. \u201cSto cercando di pensare all\u2019ausilio del Servizio Civile Nazionale che permetta di individuare figure adatte al ruolo e che per le attivit\u00e0 che svolgeranno riceveranno un giusto compenso. Cos\u00ec penso che potremo risolvere il problema della sicurezza davanti ai tre plessi di scuola\u201d.<\/p>\n<p style=\"text-align: justify;\">Quindi saluta lanciando un messaggio a tutti: \u201cSe riusciamo a fare qualcosa, non \u00e8 per noi, ma \u00e8 per tutti!\u201d.<\/p>\n<p style=\"text-align: justify;\">Ci auguriamo che presto possa partire il Servizio nazionale per il nostro comune cos\u00ec da scrivere la parola fine ad una situazione effettivamente problematica per genitori e soprattutto studenti, ma sicuramente verso la quale \u00e8 necessario venirsi incontro per valutare temporanee soluzioni.<\/p>\n","protected":false},"excerpt":{"rendered":"<p><img loading=\"lazy\" decoding=\"async\" src=\"https:\/\/farm2.staticflickr.com\/1672\/25037234241_a08c085ffb_n.jpg\" width=\"320\" height=\"240\" alt=\"L'aula consiliare vuota\" \/><\/p>\n","protected":false},"author":1,"featured_media":0,"comment_status":"open","ping_status":"closed","sticky":false,"template":"","format":"standard","meta":{"colormag_page_container_layout":"default_layout","colormag_page_sidebar_layout":"default_layout","footnotes":""},"categories":[7],"tags":[],"class_list":["post-13886","post","type-post","status-publish","format-standard","hentry","category-attualita"],"_links":{"self":[{"href":"https:\/\/archivioturi.lavocedelpaese.info\/index.php\/wp-json\/wp\/v2\/posts\/13886","targetHints":{"allow":["GET"]}}],"collection":[{"href":"https:\/\/archivioturi.lavocedelpaese.info\/index.php\/wp-json\/wp\/v2\/posts"}],"about":[{"href":"https:\/\/archivioturi.lavocedelpaese.info\/index.php\/wp-json\/wp\/v2\/types\/post"}],"author":[{"embeddable":true,"href":"https:\/\/archivioturi.lavocedelpaese.info\/index.php\/wp-json\/wp\/v2\/users\/1"}],"replies":[{"embeddable":true,"href":"https:\/\/archivioturi.lavocedelpaese.info\/index.php\/wp-json\/wp\/v2\/comments?post=13886"}],"version-history":[{"count":0,"href":"https:\/\/archivioturi.lavocedelpaese.info\/index.php\/wp-json\/wp\/v2\/posts\/13886\/revisions"}],"wp:attachment":[{"href":"https:\/\/archivioturi.lavocedelpaese.info\/index.php\/wp-json\/wp\/v2\/media?parent=13886"}],"wp:term":[{"taxonomy":"category","embeddable":true,"href":"https:\/\/archivioturi.lavocedelpaese.info\/index.php\/wp-json\/wp\/v2\/categories?post=13886"},{"taxonomy":"post_tag","embeddable":true,"href":"https:\/\/archivioturi.lavocedelpaese.info\/index.php\/wp-json\/wp\/v2\/tags?post=13886"}],"curies":[{"name":"wp","href":"https:\/\/api.w.org\/{rel}","templated":true}]}}