{"id":13876,"date":"2016-02-13T20:43:09","date_gmt":"2016-02-13T20:43:09","guid":{"rendered":"https:\/\/archivioturi.lavocedelpaese.info\/index.php\/2016\/02\/13\/giu-nel-tombino-ferita-ragazza-di-turi\/"},"modified":"2016-02-13T20:43:09","modified_gmt":"2016-02-13T20:43:09","slug":"giu-nel-tombino-ferita-ragazza-di-turi","status":"publish","type":"post","link":"https:\/\/archivioturi.lavocedelpaese.info\/index.php\/2016\/02\/13\/giu-nel-tombino-ferita-ragazza-di-turi\/","title":{"rendered":"Gi\u00f9 nel tombino di Rutigliano. Ferita una ragazza di Turi"},"content":{"rendered":"<p><img loading=\"lazy\" decoding=\"async\" src=\"https:\/\/farm2.staticflickr.com\/1569\/24912297101_f6faa4d892_z.jpg\" alt=\"rutigliano tombino 3\" width=\"640\" height=\"371\" \/><\/p>\n<p style=\"margin-bottom: 0.0001pt;\"><span style=\"color: #ff0000;\"><strong><span style=\"font-size: 12pt; line-height: 115%; font-family: 'Times New Roman', serif;\">Dalla Redazione de &#8220;La Voce del Paese &#8211; edizione Rutiglianoweb&#8221;<\/span><\/strong><\/span><\/p>\n<p style=\"margin-bottom: 0.0001pt;\"><strong><span style=\"font-size: 12pt; line-height: 115%; font-family: 'Times New Roman', serif;\"><br \/><\/span><\/strong><\/p>\n<p style=\"margin-bottom: 0.0001pt;\"><strong><span style=\"font-size: 12pt; line-height: 115%; font-family: 'Times New Roman', serif;\">Rutigliano: Passeggia in Piazza e Finisce in un tombino. Ferita adolescente di Turi<\/span><\/strong><\/p>\n<p style=\"margin-bottom: 0.0001pt; text-align: justify;\"><span style=\"font-size: 12pt; line-height: 115%; font-family: 'Times New Roman', serif;\"><br \/><\/span><\/p>\n<p style=\"margin-bottom: 0.0001pt; text-align: justify;\"><span style=\"font-size: 12pt; line-height: 115%; font-family: 'Times New Roman', serif;\">A Rutigliano anche una semplice uscita serale pu\u00f2 terminare con uno spiacevole incidente.<\/span><\/p>\n<p style=\"margin-bottom: 0.0001pt; text-align: justify;\"><span style=\"font-size: 12pt; line-height: 115%; font-family: 'Times New Roman', serif;\">\u00c8 quello che \u00e8 successo poco tempo fa in Piazza XX settembre. La vittima \u00e8 una giovane ragazza che, passeggiando spensieratamente con le amiche, ha sentito il vuoto sotto i propri piedi sprofondando in un tombino. <\/span><\/p>\n<p style=\"margin-bottom: 0.0001pt; text-align: justify;\"><span style=\"font-size: 12pt; line-height: 115%; font-family: 'Times New Roman', serif;\">La voragine in questione si trovava nel tratto conclusivo della Piazza, davanti ad una struttura abbandonata a ridosso di CorsoMazzini . La ragazza, un\u2019adolescente turese, era a Rutigliano per incontrare una cara amica in quella spiacevole serata del 13 febbraio quando, alle 20 circa, \u00e8 sprofondata in un tombino aperto.<\/span><\/p>\n<p style=\"margin-bottom: 0.0001pt; text-align: justify;\"><span style=\"font-size: 12pt; line-height: 115%; font-family: 'Times New Roman', serif;\">A soccorrere la ragazza sono intervenute una unit\u00e0 di soccorso mobile che hanno medicato la ragazza ferita ad una coscia, accertandosi di non aver, tra l\u2019altro, schegge di vetro &nbsp;di cui era composto il tombino, e una pattuglia di Polizia Municipale che ha provveduto, meglio tardi che mai, a recintare la zona pericolosa.<\/span><\/p>\n<p style=\"margin-bottom: 0.0001pt; text-align: justify;\"><span style=\"font-size: 12pt; line-height: 115%; font-family: 'Times New Roman', serif;\">La spensieratezza e la distrazione della ragazza non giustifica l\u2019assurdit\u00e0 dell\u2019aver lasciato un pericolo cos\u00ec senza l\u2019adeguata segnalazione, soprattutto in una zona centrale come Piazza XX Settembre.<\/span><\/p>\n<p style=\"margin-bottom: 0.0001pt;\"><span style=\"font-size: 12pt; line-height: 115%; font-family: 'Times New Roman', serif;\">&nbsp;<\/span><\/p>\n<p><img loading=\"lazy\" decoding=\"async\" src=\"https:\/\/farm2.staticflickr.com\/1517\/24912300071_9c10c21123_z.jpg\" alt=\"rutigliano tombino 1\" width=\"640\" height=\"429\" \/><\/p>\n<p><img loading=\"lazy\" decoding=\"async\" src=\"https:\/\/farm2.staticflickr.com\/1569\/24912297101_f6faa4d892_z.jpg\" alt=\"rutigliano tombino 3\" width=\"640\" height=\"371\" \/><\/p>\n<p><img loading=\"lazy\" decoding=\"async\" src=\"https:\/\/farm2.staticflickr.com\/1680\/24887559672_f1529629c1_z.jpg\" alt=\"rutigliano tombino 2\" width=\"640\" height=\"429\" \/><\/p>\n","protected":false},"excerpt":{"rendered":"<p><img loading=\"lazy\" decoding=\"async\" src=\"https:\/\/farm2.staticflickr.com\/1569\/24912297101_f6faa4d892_z.jpg\" alt=\"rutigliano tombino 3\" width=\"640\" height=\"371\" \/><\/p>\n","protected":false},"author":1,"featured_media":0,"comment_status":"open","ping_status":"closed","sticky":false,"template":"","format":"standard","meta":{"colormag_page_container_layout":"default_layout","colormag_page_sidebar_layout":"default_layout","footnotes":""},"categories":[8],"tags":[],"class_list":["post-13876","post","type-post","status-publish","format-standard","hentry","category-cronaca"],"_links":{"self":[{"href":"https:\/\/archivioturi.lavocedelpaese.info\/index.php\/wp-json\/wp\/v2\/posts\/13876","targetHints":{"allow":["GET"]}}],"collection":[{"href":"https:\/\/archivioturi.lavocedelpaese.info\/index.php\/wp-json\/wp\/v2\/posts"}],"about":[{"href":"https:\/\/archivioturi.lavocedelpaese.info\/index.php\/wp-json\/wp\/v2\/types\/post"}],"author":[{"embeddable":true,"href":"https:\/\/archivioturi.lavocedelpaese.info\/index.php\/wp-json\/wp\/v2\/users\/1"}],"replies":[{"embeddable":true,"href":"https:\/\/archivioturi.lavocedelpaese.info\/index.php\/wp-json\/wp\/v2\/comments?post=13876"}],"version-history":[{"count":0,"href":"https:\/\/archivioturi.lavocedelpaese.info\/index.php\/wp-json\/wp\/v2\/posts\/13876\/revisions"}],"wp:attachment":[{"href":"https:\/\/archivioturi.lavocedelpaese.info\/index.php\/wp-json\/wp\/v2\/media?parent=13876"}],"wp:term":[{"taxonomy":"category","embeddable":true,"href":"https:\/\/archivioturi.lavocedelpaese.info\/index.php\/wp-json\/wp\/v2\/categories?post=13876"},{"taxonomy":"post_tag","embeddable":true,"href":"https:\/\/archivioturi.lavocedelpaese.info\/index.php\/wp-json\/wp\/v2\/tags?post=13876"}],"curies":[{"name":"wp","href":"https:\/\/api.w.org\/{rel}","templated":true}]}}