{"id":13872,"date":"2016-02-15T17:58:29","date_gmt":"2016-02-15T17:58:29","guid":{"rendered":"https:\/\/archivioturi.lavocedelpaese.info\/index.php\/2016\/02\/15\/ridate-dignita-a-questo-paese\/"},"modified":"2016-02-15T17:58:29","modified_gmt":"2016-02-15T17:58:29","slug":"ridate-dignita-a-questo-paese","status":"publish","type":"post","link":"https:\/\/archivioturi.lavocedelpaese.info\/index.php\/2016\/02\/15\/ridate-dignita-a-questo-paese\/","title":{"rendered":"\u201cRidate dignit\u00e0 a questo paese\u201d"},"content":{"rendered":"<p><img loading=\"lazy\" decoding=\"async\" src=\"https:\/\/farm2.staticflickr.com\/1656\/24952470096_ae1b93e856_n.jpg\" width=\"320\" height=\"240\" alt=\"Il decoro\" \/><\/p>\n<p style=\"text-align: justify;\">Ponte di via Cisterna, dispositivi di segnalazione di via Conversano e rotatoria di via Casamassima: tre questioni diverse, che oggi vengono inglobate insieme da quel ciclone che sta sgretolando l\u2019Assessorato ai Lavori Pubblici e il relativo ufficio tecnico. Molti cittadini lamentano l\u2019incuria e la trascuratezza riservati al territorio in cui vivono. E lo fanno senza pensare alla demagogia politica e alle bandiere partitiche. Molti di loro nemmeno sanno chi sono i consiglieri comunali di Turi, non hanno mai assistito a un consiglio comunale e magari non sono nemmeno interessati a quello che si dice e si fa ai \u201cpiani alti\u201d. Giudicano semplicemente quello che vedono e quello che vedono, purtroppo, \u00e8 sotto gli occhi di tutti.<\/p>\n<p style=\"text-align: justify;\"><strong>La rotatoria di via Casamassima.<\/strong> Prendiamo l\u2019esempio della rotatoria di via Casamassima: si attendono i lavori di miglioramento, ma, nel frattempo, ci\u00f2 che vediamo \u00e8 alquanto indecoroso. Laera lo ha definito uno \u201csquallido panorama al quale tutti i turesi e tutti coloro che provengono da Casamassima devono assistere\u201d. Come dargli torto? Ci invia persino delle foto in cui commenta \u201cl\u2019assenza di segnaletica stradale idonea e di cavi elettrici divelti su ben tre punti\u201d.<\/p>\n<p style=\"text-align: justify;\"><strong>Il ponte di via Cisterna<\/strong>. \u00c8 inoltre il consigliere Laera a muovere alcuni dubbi sul ponte di via Cisterna, di cui pare abbia chiesto documentazione il 10 febbraio. Si domanda se la struttura abbia \u201cdelle prescrizioni in ordine al passaggio di mezzi pesanti o molto pesanti che possa compromettere la stabilit\u00e0 dello stesso. Sembrerebbe, infatti, che nel punto centrale dello stesso ponte si stiano evidenziando segni di cedimento. Ma come al solito nessuno se ne accorge\u201d. E ci spiega che \u201cin passato era presente una segnaletica che vietava il transito a mezzi di portata superiore ad un determinato peso. Questa segnaletica \u00e8 poi sparita misteriosamente\u201d.<\/p>\n<p style=\"text-align: justify;\"><strong>Via Conversano: dispositivi luminosi assenti<\/strong>. \u201cMa i nostri amministratori pseudo politici abitano a Turi?\u201d \u2013 chiede e si chiede il consigliere, anche in riferimento alla segnaletica luminosa in via Conversano: \u201cNessuno si accorge che sia in direzione di Turi che in direzione di Conversano, in prossimit\u00e0 dei lavori, i dispositivi luminosi di segnalazione del pericolo sono praticamente assenti da circa dieci giorni\u201d. E a questo punto esplode: \u201cVergognatevi! Sono passati due anni. Siete l\u2019esempio emblematico dell\u2019incapacit\u00e0 amministrativa. Ridate dignit\u00e0 a questo paese al pi\u00f9 presto o ridatela a voi stessi dimettendovi tutti e chiedendo scusa a tutti i cittadini turesi\u201d.<\/p>\n<p>&nbsp;<\/p>\n","protected":false},"excerpt":{"rendered":"<p><img loading=\"lazy\" decoding=\"async\" src=\"https:\/\/farm2.staticflickr.com\/1656\/24952470096_ae1b93e856_n.jpg\" width=\"320\" height=\"240\" alt=\"Il decoro\" \/><\/p>\n","protected":false},"author":1,"featured_media":0,"comment_status":"open","ping_status":"closed","sticky":false,"template":"","format":"standard","meta":{"colormag_page_container_layout":"default_layout","colormag_page_sidebar_layout":"default_layout","footnotes":""},"categories":[4],"tags":[],"class_list":["post-13872","post","type-post","status-publish","format-standard","hentry","category-politica"],"_links":{"self":[{"href":"https:\/\/archivioturi.lavocedelpaese.info\/index.php\/wp-json\/wp\/v2\/posts\/13872","targetHints":{"allow":["GET"]}}],"collection":[{"href":"https:\/\/archivioturi.lavocedelpaese.info\/index.php\/wp-json\/wp\/v2\/posts"}],"about":[{"href":"https:\/\/archivioturi.lavocedelpaese.info\/index.php\/wp-json\/wp\/v2\/types\/post"}],"author":[{"embeddable":true,"href":"https:\/\/archivioturi.lavocedelpaese.info\/index.php\/wp-json\/wp\/v2\/users\/1"}],"replies":[{"embeddable":true,"href":"https:\/\/archivioturi.lavocedelpaese.info\/index.php\/wp-json\/wp\/v2\/comments?post=13872"}],"version-history":[{"count":0,"href":"https:\/\/archivioturi.lavocedelpaese.info\/index.php\/wp-json\/wp\/v2\/posts\/13872\/revisions"}],"wp:attachment":[{"href":"https:\/\/archivioturi.lavocedelpaese.info\/index.php\/wp-json\/wp\/v2\/media?parent=13872"}],"wp:term":[{"taxonomy":"category","embeddable":true,"href":"https:\/\/archivioturi.lavocedelpaese.info\/index.php\/wp-json\/wp\/v2\/categories?post=13872"},{"taxonomy":"post_tag","embeddable":true,"href":"https:\/\/archivioturi.lavocedelpaese.info\/index.php\/wp-json\/wp\/v2\/tags?post=13872"}],"curies":[{"name":"wp","href":"https:\/\/api.w.org\/{rel}","templated":true}]}}