{"id":13855,"date":"2016-02-15T12:33:42","date_gmt":"2016-02-15T12:33:42","guid":{"rendered":"https:\/\/archivioturi.lavocedelpaese.info\/index.php\/2016\/02\/15\/senza-soldi-e-poco-personale-serve-pazientare\/"},"modified":"2016-02-15T12:33:42","modified_gmt":"2016-02-15T12:33:42","slug":"senza-soldi-e-poco-personale-serve-pazientare","status":"publish","type":"post","link":"https:\/\/archivioturi.lavocedelpaese.info\/index.php\/2016\/02\/15\/senza-soldi-e-poco-personale-serve-pazientare\/","title":{"rendered":"Senza soldi e poco personale: serve pazientare!"},"content":{"rendered":"<p><img loading=\"lazy\" decoding=\"async\" src=\"https:\/\/farm2.staticflickr.com\/1548\/24883198311_8c234cac08_m.jpg\" width=\"122\" height=\"240\" alt=\"L'assessore Gianvito Pedone\" \/><\/p>\n<p style=\"text-align: justify;\">Sulla questione denunciata dalle famiglie dei bambini di Madre Teresa di Calcutta, abbiamo ascoltato anche l\u2019Assessore Gianvito Pedone, a cui abbiamo rigirato le domande e i dubi palesati dai genitori e dal rappresentante di Rinascita Civica, Carmine Catalano.<\/p>\n<p style=\"text-align: justify;\">\u00c8 lo stesso assessore a confermarci l\u2019installazione, nella mattinata di mercoled\u00ec 10 febbraio, del cartello di \u201cattraversamento pedonale\u201d ma, chiediamo, dove sono le strisce? \u201cEffettivamente \u2013 chiarisce l\u2019Assessore \u2013 le strisce orizzontali fatte in precedenza si sono cancellate, quindi \u00e8 nostra premura ripristinarle non appena ripartiranno i lavori del settore. Ma \u2013 aggiunge rammaricato &#8211; per ora i soldi non ci sono\u201d.<\/p>\n<p style=\"text-align: justify;\">Sar\u00e0 solo questione di tempo e quindi di pazientare, spiega Gianvito Palmisano, che non \u00e8 ignaro della situazione lamentata dalle famiglie e dal problema che ogni giorno sono chiamate ad affrontare. Per ora, per\u00f2, si potrebbe almeno avvisare, gli ignari conducenti, della presenza di una scuola con il segnale di triangolo. Come mai non \u00e8 presente neppure quello? \u201cAnche questi &#8211; ammette Pedone &#8211; non li abbiamo nell\u2019immediata disponibilit\u00e0, ma li abbiamo richiesti assieme ad altra segnaletica\u201d.<\/p>\n<p style=\"text-align: justify;\">Non ci sono percorsi alternativi, piuttosto, lungo la delicata e a quanto pare ardua strada della vigilanza. \u201cPer ora \u00e8 tutto bloccato \u2013 continua a ripetere \u2013 e la Regione non sblocca la messa in esubero e quindi le mobilit\u00e0. La polizia provinciale, inoltre, pare sia stata assorbita dalla Regione, ma stiamo cercando di capire se possiamo avviare le mobilit\u00e0, ma dobbiamo verificare degli aspetti. Sulle assunzioni non \u00e8 una cosa facile ed immediata, poich\u00e9 bisogna valutare i requisiti. Attualmente, su Turi, operano solo otto vigili, che lavorano a turno ed \u00e8 difficile garantire la loro presenza nei tre plessi delle scuole\u201d.<\/p>\n<p style=\"text-align: justify;\">\u201cPurtroppo, sulla questione dei vigili volontari chiesi anche la collaborazione degli stessi genitori, che a turnazione e volontariamente, si impegnassero per mezz\u2019ora al giorno; ma non ci sono state adesioni\u201d \u2013 ribatte l\u2019assessore al quale per\u00f2 abbiamo palesato la difficolt\u00e0 di un genitore a svolgere il ruolo, spesso impedito dalle necessit\u00e0 familiari che non permetterebbero di garantirgli la costanza nell\u2019impiego.<\/p>\n<p style=\"text-align: justify;\">\u201cSarebbe interessante \u2013 suggerisce Pedone \u2013 che venisse istituito una sorta di Servizio Civile che permetterebbe, a chi svolge il compito, di ricevere un rimborso economico, anche esiguo. Ma questo \u2013 prosegue &#8211; non ha nulla a che fare con lo spirito iniziale con il quale avevamo suggerito la figura del vigile volontario. \u00c8 una sconfitta per tutti!\u201d.<\/p>\n<p style=\"text-align: justify;\">Sembra trattarsi di una situazione che non avr\u00e0 un rapido epilogo, ma un risultato, a met\u00e0, nell\u2019attesa che i soldi pubblici, possano garantire quella sicurezza tanto ricercata.<\/p>\n<p style=\"text-align: justify;\">Nell\u2019intera vicenda sulla viabilit\u00e0, ha infine salutato l\u2019assessore, qualcosa si muove. \u201cNel pomeriggio di marted\u00ec 9 febbraio si \u00e8 svolto un primo incontro con il tecnico e sar\u00e0 mia premura inserire tali problematiche nell\u2019intero piano, affinch\u00e8 si trovino soluzioni che siano ottimali per tutti. Si \u00e8 pensato \u2013 quindi confida \u2013 di istituire delle Zone 30, per limitare la circolazione e fornire le strade di dossi o rallentatori utili per le vie frequentate da bambini. Ma tutto questo potr\u00e0 essere una conseguenza di un attento studio della viabilit\u00e0 turese\u201d. Di che tempi parliamo? Non si sbottona molto, l\u2019assessore, ma confida che \u201centro settembre possiamo avere delle buone probabilit\u00e0 di dotare il comune di un piano viario, seguito, ovviamente, dall\u2019implementazione, anche questa da realizzarsi gradualmente\u201d.<\/p>\n<p style=\"text-align: justify;\">Una problematica ampia, alla quale l\u2019Amministrazione \u00e8 aperta a suggerimenti, chiarimenti e proposte della cittadinanza che incontrer\u00e0 marted\u00ec 16 febbraio, alle ore 10.30, presso la sala consiliare di Turi.<\/p>\n","protected":false},"excerpt":{"rendered":"<p><img loading=\"lazy\" decoding=\"async\" src=\"https:\/\/farm2.staticflickr.com\/1548\/24883198311_8c234cac08_m.jpg\" width=\"122\" height=\"240\" alt=\"L'assessore Gianvito Pedone\" \/><\/p>\n","protected":false},"author":1,"featured_media":0,"comment_status":"open","ping_status":"closed","sticky":false,"template":"","format":"standard","meta":{"colormag_page_container_layout":"default_layout","colormag_page_sidebar_layout":"default_layout","footnotes":""},"categories":[7],"tags":[],"class_list":["post-13855","post","type-post","status-publish","format-standard","hentry","category-attualita"],"_links":{"self":[{"href":"https:\/\/archivioturi.lavocedelpaese.info\/index.php\/wp-json\/wp\/v2\/posts\/13855","targetHints":{"allow":["GET"]}}],"collection":[{"href":"https:\/\/archivioturi.lavocedelpaese.info\/index.php\/wp-json\/wp\/v2\/posts"}],"about":[{"href":"https:\/\/archivioturi.lavocedelpaese.info\/index.php\/wp-json\/wp\/v2\/types\/post"}],"author":[{"embeddable":true,"href":"https:\/\/archivioturi.lavocedelpaese.info\/index.php\/wp-json\/wp\/v2\/users\/1"}],"replies":[{"embeddable":true,"href":"https:\/\/archivioturi.lavocedelpaese.info\/index.php\/wp-json\/wp\/v2\/comments?post=13855"}],"version-history":[{"count":0,"href":"https:\/\/archivioturi.lavocedelpaese.info\/index.php\/wp-json\/wp\/v2\/posts\/13855\/revisions"}],"wp:attachment":[{"href":"https:\/\/archivioturi.lavocedelpaese.info\/index.php\/wp-json\/wp\/v2\/media?parent=13855"}],"wp:term":[{"taxonomy":"category","embeddable":true,"href":"https:\/\/archivioturi.lavocedelpaese.info\/index.php\/wp-json\/wp\/v2\/categories?post=13855"},{"taxonomy":"post_tag","embeddable":true,"href":"https:\/\/archivioturi.lavocedelpaese.info\/index.php\/wp-json\/wp\/v2\/tags?post=13855"}],"curies":[{"name":"wp","href":"https:\/\/api.w.org\/{rel}","templated":true}]}}