{"id":13844,"date":"2016-02-10T11:24:46","date_gmt":"2016-02-10T11:24:46","guid":{"rendered":"https:\/\/archivioturi.lavocedelpaese.info\/index.php\/2016\/02\/10\/arrivano-la-green-economye-un-nuovo-arredo-urbano\/"},"modified":"2016-02-10T11:24:46","modified_gmt":"2016-02-10T11:24:46","slug":"arrivano-la-green-economye-un-nuovo-arredo-urbano","status":"publish","type":"post","link":"https:\/\/archivioturi.lavocedelpaese.info\/index.php\/2016\/02\/10\/arrivano-la-green-economye-un-nuovo-arredo-urbano\/","title":{"rendered":"Arrivano la \u201cGreen Economy\u201de un nuovo arredo urbano"},"content":{"rendered":"<p><img loading=\"lazy\" decoding=\"async\" src=\"https:\/\/farm2.staticflickr.com\/1591\/24416543155_5814e45e34_m.jpg\" width=\"183\" height=\"240\" alt=\"Antonello Palmisano\" \/><\/p>\n<p style=\"text-align: justify;\">Il 2 febbraio scorso \u00e8 entrata in vigore la nuova Legge \u201cGreen Economy\u201d, una serie di norme che punteranno al miglioramento del decoro urbano. Sar\u00e0 infatti vietato e oggetto di sanzione gettare a terra chicche, gomme da masticare, scontrini e ogni sorta di \u201crifiuto di piccole dimensioni\u201d. Tutto ci\u00f2 dovr\u00e0 necessariamente tradursi in un incremento dell\u2019arredo urbano, quindi l\u2019installazione di nuovi cestini e magari anche posacenere nelle piazze del paese cos\u00ec come nelle vie pi\u00f9 trafficate. Anche per Turi il passaggio sar\u00e0 inevitabile e coincider\u00e0 con l\u2019arrivo della raccolta differenziata, che probabilmente slitter\u00e0 a fine maggio, a causa dei ricorsi presentati per l\u2019affidamento di gara all\u2019Aro 5. \u00c8 quanto ci riferisce il consigliere con delega all\u2019Ambiente, Antonello Palmisano, il quale dichiara grande soddisfazione per una legge che mira ad un\u2019Italia pi\u00f9 attenta all\u2019ambiente e alla salute dei cittadini e che punta sulla green economy e sull\u2019economia circolare. Il consigliere, infatti, \u00e8 anche un\u2019appassionata guida ambientale, da sempre attenta alla pulizia del territorio: \u201cSono contento per questa legge \u2013 spiega. Fumando, ci roviniamo la vita da soli, ma questo, per ora, \u00e8 ancora un nostro diritto. Invece non deve essere un nostro diritto sporcare il paese o intossicare gli altri. Se abbiamo deciso di condannare noi stessi, non vedo perch\u00e9 dobbiamo farlo con l\u2019ambiente in cui viviamo\u201d.<\/p>\n<p style=\"text-align: justify;\">Per coloro che si ostineranno a buttare a terra cicche, gomme da masticare, e tutti i piccoli rifiuti, le sanzioni andranno dai 30 ai 300 euro. La norma, inoltre, prevede che gli importi ricavati dalle sanzioni siano utilizzati in parte per l\u2019acquisto di cestini e attrezzature del genere: met\u00e0 delle somme dovr\u00e0 infatti venir versato in un apposito fondo del Ministero dell\u2019Ambiente destinato sia all\u2019installazione dei raccoglitori sia alla pubblicit\u00e0 informativa. Il restante 50% \u00e8 destinato direttamente ai comuni in cui sono state accertate le violazioni e dovr\u00e0 essere speso sia per installare posacenere, sia per la pulizia del sistema fognario urbano.<\/p>\n","protected":false},"excerpt":{"rendered":"<p><img loading=\"lazy\" decoding=\"async\" src=\"https:\/\/farm2.staticflickr.com\/1591\/24416543155_5814e45e34_m.jpg\" width=\"183\" height=\"240\" alt=\"Antonello Palmisano\" \/><\/p>\n","protected":false},"author":1,"featured_media":0,"comment_status":"open","ping_status":"closed","sticky":false,"template":"","format":"standard","meta":{"colormag_page_container_layout":"default_layout","colormag_page_sidebar_layout":"default_layout","footnotes":""},"categories":[4],"tags":[],"class_list":["post-13844","post","type-post","status-publish","format-standard","hentry","category-politica"],"_links":{"self":[{"href":"https:\/\/archivioturi.lavocedelpaese.info\/index.php\/wp-json\/wp\/v2\/posts\/13844","targetHints":{"allow":["GET"]}}],"collection":[{"href":"https:\/\/archivioturi.lavocedelpaese.info\/index.php\/wp-json\/wp\/v2\/posts"}],"about":[{"href":"https:\/\/archivioturi.lavocedelpaese.info\/index.php\/wp-json\/wp\/v2\/types\/post"}],"author":[{"embeddable":true,"href":"https:\/\/archivioturi.lavocedelpaese.info\/index.php\/wp-json\/wp\/v2\/users\/1"}],"replies":[{"embeddable":true,"href":"https:\/\/archivioturi.lavocedelpaese.info\/index.php\/wp-json\/wp\/v2\/comments?post=13844"}],"version-history":[{"count":0,"href":"https:\/\/archivioturi.lavocedelpaese.info\/index.php\/wp-json\/wp\/v2\/posts\/13844\/revisions"}],"wp:attachment":[{"href":"https:\/\/archivioturi.lavocedelpaese.info\/index.php\/wp-json\/wp\/v2\/media?parent=13844"}],"wp:term":[{"taxonomy":"category","embeddable":true,"href":"https:\/\/archivioturi.lavocedelpaese.info\/index.php\/wp-json\/wp\/v2\/categories?post=13844"},{"taxonomy":"post_tag","embeddable":true,"href":"https:\/\/archivioturi.lavocedelpaese.info\/index.php\/wp-json\/wp\/v2\/tags?post=13844"}],"curies":[{"name":"wp","href":"https:\/\/api.w.org\/{rel}","templated":true}]}}