{"id":13838,"date":"2016-02-09T14:13:22","date_gmt":"2016-02-09T14:13:22","guid":{"rendered":"https:\/\/archivioturi.lavocedelpaese.info\/index.php\/2016\/02\/09\/tundo-quel-ponte-e-una-porcata\/"},"modified":"2016-02-09T14:13:22","modified_gmt":"2016-02-09T14:13:22","slug":"tundo-quel-ponte-e-una-porcata","status":"publish","type":"post","link":"https:\/\/archivioturi.lavocedelpaese.info\/index.php\/2016\/02\/09\/tundo-quel-ponte-e-una-porcata\/","title":{"rendered":"Tundo: \u201cQuel ponte \u00e8 una porcata\u201d"},"content":{"rendered":"<p><img loading=\"lazy\" decoding=\"async\" src=\"https:\/\/farm8.staticflickr.com\/7633\/16578746619_3393934d8f_n.jpg\" width=\"320\" height=\"213\" alt=\"Fabio Topputi\" \/><\/p>\n<p style=\"text-align: justify;\">Sulla Commissione di Controllo dello scorso venerd\u00ec 29 gennaio raccogliamo le dichiarazioni del presidente Fabio Topputi e del consigliere Paolo Tundo, al quale \u00e8 stato concesso di partecipare, pur non essendo uno dei membri.<\/p>\n<p style=\"text-align: justify;\">\u201cAbbiamo fatto uscire fuori parecchie questioni e chiesto delucidazioni \u2013 ci spiega Topputi. Non si sbottona molto, ma nelle sue brevi dichiarazioni pone l\u2019accento sulla questione della sicurezza, poich\u00e9 l\u2019attuale carreggiata costringerebbe un mezzo pesante ad invadere anche la corsia opposta. \u201cVedremo i passi successivi\u201d \u2013 ci dice, dopo averci informato che \u00e8 \u201cstato inviato tutto al progettista\u201d.<\/p>\n<p style=\"text-align: justify;\">Paolo Tundo, invece, ci racconta di \u201cincongruenze sul metodo adottato sul restringimento del ponte\u201d, di \u201cerrori di misurazione\u201d e di \u201cpercentuali di guadagno dei progettisti\u201d. \u201cIn quella circostanza \u2013 ci dice \u2013 ho detto che secondo me quel ponte non \u00e8 a norma in base a quanto prevede l\u2019Unione Europea a riguardo, cio\u00e8 la tendenza a costruire strade sempre pi\u00f9 larghe, a favorire la mobilit\u00e0 sostenibile e ad abbattere le barriere architettoniche\u201d.<\/p>\n<p style=\"text-align: justify;\">\u201cQuella era una strada di 10 metri \u2013 spiega \u2013 ed \u00e8 grave che l\u2019abbiano ristretta. Secondo me c\u2019\u00e8 stato un eccesso di zelo sulla questione delle lame, zelo che ha indotto ad abbattere il ponte e ricostruirne uno nuovo. Per me quel ponte era buono, andava solo riqualificato, evitando anche lo spreco di denaro pubblico\u201d. Tundo, inoltre, riporta a galla un episodio di circa 25 anni fa, quando il dott. Vito Donato Valentini, assessore provinciale ai lavori pubblici, riusc\u00ec ad allargare vari tratti della Turi \u2013 Conversano \u201cda 10 a 12 e persino fino a 16 metri, laddove c\u2019erano delle curve che potessero costituire un pericolo per i cittadini\u201d. \u201c E questa Amministrazione che fa? Restringe\u201d. \u201cLoro possono esternare tutte le motivazioni del mondo. Per me \u00e8 un ponte illegale. \u00c8 una \u2018porcata\u2019 e va rivisto\u201d. \u201cOffende la nostra intelligenza e dignit\u00e0 di Turesi: uno che viene da fuori cosa deve pensare? Che solo a Turi le fanno queste cose\u2026\u201d<\/p>\n<p style=\"text-align: justify;\">\u201cEcco perch\u00e9 abbiamo chiesto il Consiglio Comunale\u201d. \u201cNoi andremo in fondo: o vanno a ripristinare le norme e ad aggiustare, oppure arriveremo alla Magistratura\u201d. E conclude dicendo: \u201cSpero che il Consiglio si tenga tra una quindicina di giorni e che non ci facciano aspettare altri tre mesi\u201d.<\/p>\n","protected":false},"excerpt":{"rendered":"<p><img loading=\"lazy\" decoding=\"async\" src=\"https:\/\/farm8.staticflickr.com\/7633\/16578746619_3393934d8f_n.jpg\" width=\"320\" height=\"213\" alt=\"Fabio Topputi\" \/><\/p>\n","protected":false},"author":1,"featured_media":0,"comment_status":"open","ping_status":"closed","sticky":false,"template":"","format":"standard","meta":{"colormag_page_container_layout":"default_layout","colormag_page_sidebar_layout":"default_layout","footnotes":""},"categories":[4],"tags":[],"class_list":["post-13838","post","type-post","status-publish","format-standard","hentry","category-politica"],"_links":{"self":[{"href":"https:\/\/archivioturi.lavocedelpaese.info\/index.php\/wp-json\/wp\/v2\/posts\/13838","targetHints":{"allow":["GET"]}}],"collection":[{"href":"https:\/\/archivioturi.lavocedelpaese.info\/index.php\/wp-json\/wp\/v2\/posts"}],"about":[{"href":"https:\/\/archivioturi.lavocedelpaese.info\/index.php\/wp-json\/wp\/v2\/types\/post"}],"author":[{"embeddable":true,"href":"https:\/\/archivioturi.lavocedelpaese.info\/index.php\/wp-json\/wp\/v2\/users\/1"}],"replies":[{"embeddable":true,"href":"https:\/\/archivioturi.lavocedelpaese.info\/index.php\/wp-json\/wp\/v2\/comments?post=13838"}],"version-history":[{"count":0,"href":"https:\/\/archivioturi.lavocedelpaese.info\/index.php\/wp-json\/wp\/v2\/posts\/13838\/revisions"}],"wp:attachment":[{"href":"https:\/\/archivioturi.lavocedelpaese.info\/index.php\/wp-json\/wp\/v2\/media?parent=13838"}],"wp:term":[{"taxonomy":"category","embeddable":true,"href":"https:\/\/archivioturi.lavocedelpaese.info\/index.php\/wp-json\/wp\/v2\/categories?post=13838"},{"taxonomy":"post_tag","embeddable":true,"href":"https:\/\/archivioturi.lavocedelpaese.info\/index.php\/wp-json\/wp\/v2\/tags?post=13838"}],"curies":[{"name":"wp","href":"https:\/\/api.w.org\/{rel}","templated":true}]}}