{"id":13836,"date":"2016-02-09T10:07:37","date_gmt":"2016-02-09T10:07:37","guid":{"rendered":"https:\/\/archivioturi.lavocedelpaese.info\/index.php\/2016\/02\/09\/ricominciare-a-parlare-di-centrodestra-a-turi\/"},"modified":"2016-02-09T10:07:37","modified_gmt":"2016-02-09T10:07:37","slug":"ricominciare-a-parlare-di-centrodestra-a-turi","status":"publish","type":"post","link":"https:\/\/archivioturi.lavocedelpaese.info\/index.php\/2016\/02\/09\/ricominciare-a-parlare-di-centrodestra-a-turi\/","title":{"rendered":"Ricominciare a parlare di centrodestra a Turi"},"content":{"rendered":"<p><img loading=\"lazy\" decoding=\"async\" src=\"https:\/\/farm9.staticflickr.com\/8381\/8537123983_613407d9d8_m.jpg\" width=\"160\" height=\"240\" alt=\"Angelo Palmisano\" \/><\/p>\n<p style=\"text-align: justify;\">Angelo Palmisano smorza i toni di Paolo Tundo, attuale coordinatore di Forza Italia. \u201cCon Tundo parliamo \u2013 ci spiega \u2013 cerchiamo di coinvolgerlo. Solo che lui ha una prerogativa che sto cercando di fargli mettere da parte\u201d. In effetti, se Tundo spinge affinch\u00e9 si ricompatti il partito di Forza Italia e ci si dia una direzione unitaria, per Angelo Palmisano, attuale responsabile provinciale del Dipartimento Turismo di Forza Italia, il primo obiettivo \u00e8 invece quello di ricominciare a parlare di un\u2019ala di centrodestra, priorit\u00e0, questa, dovuta principalmente ai burrascosi fatti di cronaca amministrativa turese. \u201cPer adesso soffermiamoci sulle vicende amministrative. Su quelle politiche, e di Forza Italia in particolare, ci penseremo in seguito\u201d. Dunque, motto dell\u2019ex coordinatore \u00e8 \u201cl\u2019unione fa la forza\u201d. La forza di un gruppo che possa essere una concreta e pungolante controparte del centrosinistra attualmente al governo.<\/p>\n<p style=\"text-align: justify;\">Da questa ragione nascono quegli incontri a cui Tundo contestava \u2013 sulle nostre colonne &#8211; il fatto che non fossero stati precedentemente approvati da lui. Lo stesso Palmisano ci spiega di aver preso \u201cl\u2019iniziativa\u201d di riallacciare i rapporti con coloro che avevano gi\u00e0 fatto esperienza politica insieme, di modo da poter mettere su anche una \u201ccabina di regia\u201d per dare supporto all\u2019operato della minoranza. \u201cAuspico che in tempi brevi si possa ricreare un gruppo unico \u2013 ci confida \u2013 in modo da poter riorganizzare tutta l\u2019ala di centrodestra\u201d. \u201cNon si vuole toccare l\u2019identit\u00e0 politica di nessuno\u201d, \u201cma lavorare insieme per opporsi in maniera pi\u00f9 corposa e valida\u201d, con \u201cun gruppo di persone valide alle spalle che collabori con l\u2019opposizione\u201d. \u201cPer vicende personali o politiche \u2013 prosegue Palmisano \u2013 siamo esplosi. Ognuno \u00e8 andato per la propria tangente. E non si \u00e8 pi\u00f9 fatto squadra\u201d: chi \u00e8 passato a Fratelli d\u2019Italia, chi si \u00e8 dichiarato indipendente, chi \u00e8 rimasto con Forza Italia, chi sta con Fitto. \u201cSi \u00e8 cos\u00ec perso un gruppo in passato solido\u201d. \u201c\u00c8 giusto che se ne ritorni a parlare\u201d, \u201ci tempi sono maturi per scrollarsi di dosso le scorie delle campagne elettorali, a fronte di ci\u00f2 che si sta verificando\u201d. E il ponte sarebbe solo la punta dell\u2019iceberg.<\/p>\n<p style=\"text-align: justify;\">Sembrerebbe che il primo passo verso questa prospettata unit\u00e0, sar\u00e0 quello di creare gruppi per aree tematiche, che studino e si documentino per l\u2019ambito assegnato e che possano essere di supporto alla minoranza. \u201cChi fa squadra, fa risultato\u201d \u2013 commenta Laera, il quale accoglie favorevolmente l\u2019iniziativa di Palmisano. \u201cCercheremo cos\u00ec di avere un occhio pi\u00f9 attento sia verso le esigenze dei cittadini che nei confronti degli atti amministrativi\u201d.<\/p>\n","protected":false},"excerpt":{"rendered":"<p><img loading=\"lazy\" decoding=\"async\" src=\"https:\/\/farm9.staticflickr.com\/8381\/8537123983_613407d9d8_m.jpg\" width=\"160\" height=\"240\" alt=\"Angelo Palmisano\" \/><\/p>\n","protected":false},"author":1,"featured_media":0,"comment_status":"open","ping_status":"closed","sticky":false,"template":"","format":"standard","meta":{"colormag_page_container_layout":"default_layout","colormag_page_sidebar_layout":"default_layout","footnotes":""},"categories":[4],"tags":[],"class_list":["post-13836","post","type-post","status-publish","format-standard","hentry","category-politica"],"_links":{"self":[{"href":"https:\/\/archivioturi.lavocedelpaese.info\/index.php\/wp-json\/wp\/v2\/posts\/13836","targetHints":{"allow":["GET"]}}],"collection":[{"href":"https:\/\/archivioturi.lavocedelpaese.info\/index.php\/wp-json\/wp\/v2\/posts"}],"about":[{"href":"https:\/\/archivioturi.lavocedelpaese.info\/index.php\/wp-json\/wp\/v2\/types\/post"}],"author":[{"embeddable":true,"href":"https:\/\/archivioturi.lavocedelpaese.info\/index.php\/wp-json\/wp\/v2\/users\/1"}],"replies":[{"embeddable":true,"href":"https:\/\/archivioturi.lavocedelpaese.info\/index.php\/wp-json\/wp\/v2\/comments?post=13836"}],"version-history":[{"count":0,"href":"https:\/\/archivioturi.lavocedelpaese.info\/index.php\/wp-json\/wp\/v2\/posts\/13836\/revisions"}],"wp:attachment":[{"href":"https:\/\/archivioturi.lavocedelpaese.info\/index.php\/wp-json\/wp\/v2\/media?parent=13836"}],"wp:term":[{"taxonomy":"category","embeddable":true,"href":"https:\/\/archivioturi.lavocedelpaese.info\/index.php\/wp-json\/wp\/v2\/categories?post=13836"},{"taxonomy":"post_tag","embeddable":true,"href":"https:\/\/archivioturi.lavocedelpaese.info\/index.php\/wp-json\/wp\/v2\/tags?post=13836"}],"curies":[{"name":"wp","href":"https:\/\/api.w.org\/{rel}","templated":true}]}}