{"id":13829,"date":"2016-02-06T14:07:21","date_gmt":"2016-02-06T14:07:21","guid":{"rendered":"https:\/\/archivioturi.lavocedelpaese.info\/index.php\/2016\/02\/06\/in-maschera-con-lauser\/"},"modified":"2016-02-06T14:07:21","modified_gmt":"2016-02-06T14:07:21","slug":"in-maschera-con-lauser","status":"publish","type":"post","link":"https:\/\/archivioturi.lavocedelpaese.info\/index.php\/2016\/02\/06\/in-maschera-con-lauser\/","title":{"rendered":"In maschera, con l\u2019Auser"},"content":{"rendered":"<p><img loading=\"lazy\" decoding=\"async\" src=\"https:\/\/farm2.staticflickr.com\/1702\/24209082503_13c566ea5f_n.jpg\" alt=\"12593688_474018146130647_8510553700949083702_o\" width=\"320\" height=\"240\" \/><\/p>\n<p><img loading=\"lazy\" decoding=\"async\" src=\"https:\/\/farm2.staticflickr.com\/1704\/24835928305_a218a99913_n.jpg\" alt=\"12628462_474018269463968_1810862531054956656_o\" width=\"320\" height=\"240\" style=\"float: right;\" \/><\/p>\n<p style=\"text-align: justify;\">Un pomeriggio tra colori, stelle filanti, maschere e coriandoli. \u00c8 il pomeriggio dell\u2019Auser Insieme Onlus \u201cDario Danese\u201d, che per domenica 31 gennaio ha accolto nella sua sede tanti bambini pronti a divertirsi e ridere immersi nel clima carnascialesco.<\/p>\n<p style=\"text-align: justify;\">Non poteva mancare il gioco, realizzato dall\u2019animatrice Terry, che ha coinvolto tutti i bambini, dai pi\u00f9 piccoli, ai pi\u00f9 grandi, in divertenti giochi di gruppo e particolari momenti di svago per tutte le et\u00e0.<\/p>\n<p style=\"text-align: justify;\">E dopo tanto divertimento, spazio anche al buon cibo, offerto a tutti i partecipanti dai soci, meno giovani, che hanno preparato un ricco buffet per tutti.<\/p>\n<p style=\"text-align: justify;\">La serata \u00e8 poi continuata con il ballo in maschera, con i vestiti creati e realizzati dalle sarte Auser che con la sartoria solidale contribuiscono al progetto di volontariato e di socializzazione.<\/p>\n","protected":false},"excerpt":{"rendered":"<p><img loading=\"lazy\" decoding=\"async\" src=\"https:\/\/farm2.staticflickr.com\/1702\/24209082503_13c566ea5f_n.jpg\" alt=\"12593688_474018146130647_8510553700949083702_o\" width=\"320\" height=\"240\" \/><\/p>\n","protected":false},"author":1,"featured_media":0,"comment_status":"open","ping_status":"closed","sticky":false,"template":"","format":"standard","meta":{"colormag_page_container_layout":"default_layout","colormag_page_sidebar_layout":"default_layout","footnotes":""},"categories":[6],"tags":[],"class_list":["post-13829","post","type-post","status-publish","format-standard","hentry","category-cultura"],"_links":{"self":[{"href":"https:\/\/archivioturi.lavocedelpaese.info\/index.php\/wp-json\/wp\/v2\/posts\/13829","targetHints":{"allow":["GET"]}}],"collection":[{"href":"https:\/\/archivioturi.lavocedelpaese.info\/index.php\/wp-json\/wp\/v2\/posts"}],"about":[{"href":"https:\/\/archivioturi.lavocedelpaese.info\/index.php\/wp-json\/wp\/v2\/types\/post"}],"author":[{"embeddable":true,"href":"https:\/\/archivioturi.lavocedelpaese.info\/index.php\/wp-json\/wp\/v2\/users\/1"}],"replies":[{"embeddable":true,"href":"https:\/\/archivioturi.lavocedelpaese.info\/index.php\/wp-json\/wp\/v2\/comments?post=13829"}],"version-history":[{"count":0,"href":"https:\/\/archivioturi.lavocedelpaese.info\/index.php\/wp-json\/wp\/v2\/posts\/13829\/revisions"}],"wp:attachment":[{"href":"https:\/\/archivioturi.lavocedelpaese.info\/index.php\/wp-json\/wp\/v2\/media?parent=13829"}],"wp:term":[{"taxonomy":"category","embeddable":true,"href":"https:\/\/archivioturi.lavocedelpaese.info\/index.php\/wp-json\/wp\/v2\/categories?post=13829"},{"taxonomy":"post_tag","embeddable":true,"href":"https:\/\/archivioturi.lavocedelpaese.info\/index.php\/wp-json\/wp\/v2\/tags?post=13829"}],"curies":[{"name":"wp","href":"https:\/\/api.w.org\/{rel}","templated":true}]}}