{"id":13816,"date":"2016-02-01T09:23:35","date_gmt":"2016-02-01T09:23:35","guid":{"rendered":"https:\/\/archivioturi.lavocedelpaese.info\/index.php\/2016\/02\/01\/unidentita-da-ricostruire\/"},"modified":"2016-02-01T09:23:35","modified_gmt":"2016-02-01T09:23:35","slug":"unidentita-da-ricostruire","status":"publish","type":"post","link":"https:\/\/archivioturi.lavocedelpaese.info\/index.php\/2016\/02\/01\/unidentita-da-ricostruire\/","title":{"rendered":"Un\u2019identit\u00e0 da ricostruire"},"content":{"rendered":"<p><img loading=\"lazy\" decoding=\"async\" src=\"https:\/\/farm8.staticflickr.com\/7697\/17572520406_fb92f5c9ba_n.jpg\" width=\"320\" height=\"180\" alt=\"ITes Pertini Turi\" \/><\/p>\n<p style=\"text-align: justify;\">Si sfoglia con consapevolezza, il documento della delibera di Giunta Regionale n. 7 dello scorso 21 gennaio. Una lettura amara per la scuola turese, ormai preda, come tante altre situazioni, di un gioco politico che la vuole probabilmente gambizzare, nonostante gli sforzi di quei pochi che ancora ci credono.<\/p>\n<p style=\"text-align: justify;\">\u00c8 a pagina 59 che si scrive la parola fine di un periodo di speranza e di lotta dell\u2019Istituto \u201cPertini\u201d di Turi che, dopo tre anni dalla costituzione di un sodalizio scolastico con il \u201cMontale\u201d di Rutigliano, deve nuovamente buttare nel cestino programmazioni e progetti, richieste di potenziamento e sviluppi per i suoi ragazzi e, ancora una volta, cercare di riformulare la sua identit\u00e0. Perch\u00e9 di questo si tratter\u00e0. L\u2019accorpamento del \u201cPertini\u201d con l\u2019\u201dAnelli\u201d di Castellana rappresenta per il nostro Istituto Scolastico superiore un\u2019amara sconfitta \u2013 non un\u2019amara consolazione \u2013 che cancella gli sforzi che, dal Preside Andrea Roncone a tutto il personale docente e non della scuola, avevano messo in atto per rinnovarla e renderla innovativa da ogni punto di vista. (Si veda anche l\u2019ultima novit\u00e0 della scuola, divenuto Istituto Economico Linguistico Sportivo, con il rafforzamento della didattica nelle lingue straniere e nello sport).<\/p>\n<p style=\"text-align: justify;\">Ma la posizione \u201cperiferica\u201d del paese, pare riflettersi con l\u2019atteggiamento che la scuola superiore legge dalla collettivit\u00e0 turese. Una realt\u00e0 a s\u00e9 stante, collocata nel territorio di Turi, ma distante dagli interessi della comunit\u00e0.<\/p>\n<p style=\"text-align: justify;\">Perch\u00e9 pi\u00f9 abili (?) e forti le personalit\u00e0 politiche dei comuni vicini che hanno ottenuto quello che desideravano (si veda il comune di Rutigliano, che conquista la sua autorit\u00e0 territoriale scolastica; come anche Conversano, con il suo polo superiore), a discapito di quella che \u00e8 una e la sola (considerando l\u2019et\u00e0 dei ragazzi che la frequenta) sede della cultura e dello sviluppo formativo dei ragazzi turesi e non. Forse pi\u00f9 decisi i politici dei paesi vicini, con un chiaro disegno comune, volto a valorizzare, anche dal punto di vista scolastico, la propria citt\u00e0, rendendola cos\u00ec competitiva ed accattivandosi l\u2019interesse di pi\u00f9 persone. Una nuova moneta da servire al mercato, se ci concedete questa metafora, che poteva essere difesa in modi ben pi\u00f9 forti e decisi, unendo le volont\u00e0 di tutti, per la difesa non di un colore o di una bandiera politica, ma di una identit\u00e0 culturale e formativa che abita nel nostro comune da vent\u2019anni.<\/p>\n<p style=\"text-align: justify;\">Secco il \u201cno comment\u201d che raccogliamo dalla scuola, oggi ancora impegnata a comprendere le cause di questo scioglimento e capire come sviluppare una nuova offerta formativa con una scuola, l\u2019\u201dAnelli\u201d di Castellana, che, con il suo indirizzo tecnologico (l\u2019indirizzo economico del \u201cPinto Anelli\u201d \u00e8 stato accorpato all\u2019IISS \u201cConsoli\u201d), ha poca attinenza.<\/p>\n<p style=\"text-align: justify;\">Ma di fronte a questa situazione, chiaro \u00e8 anche l\u2018impegno, della scuola, di non gettare l\u2019\u00e0ncora e piuttosto portare avanti, fino al termine dell\u2019anno scolastico, quanto programmato per gli studenti. \u201cPer il prossimo anno, vedremo&#8230;\u201d. \u2013 commentano ancora da scuola, aggiungendo come risulter\u00e0 volont\u00e0 della scuola una \u201cchiusura a riccio\u201d, senza esprimere ed esporre commenti su come i giochi della politica hanno cancellato tre anni di lavoro e di studio da parte di chi, ogni giorno, si impegna nella scuola.<\/p>\n","protected":false},"excerpt":{"rendered":"<p><img loading=\"lazy\" decoding=\"async\" src=\"https:\/\/farm8.staticflickr.com\/7697\/17572520406_fb92f5c9ba_n.jpg\" width=\"320\" height=\"180\" alt=\"ITes Pertini Turi\" \/><\/p>\n","protected":false},"author":1,"featured_media":0,"comment_status":"open","ping_status":"closed","sticky":false,"template":"","format":"standard","meta":{"colormag_page_container_layout":"default_layout","colormag_page_sidebar_layout":"default_layout","footnotes":""},"categories":[7],"tags":[],"class_list":["post-13816","post","type-post","status-publish","format-standard","hentry","category-attualita"],"_links":{"self":[{"href":"https:\/\/archivioturi.lavocedelpaese.info\/index.php\/wp-json\/wp\/v2\/posts\/13816","targetHints":{"allow":["GET"]}}],"collection":[{"href":"https:\/\/archivioturi.lavocedelpaese.info\/index.php\/wp-json\/wp\/v2\/posts"}],"about":[{"href":"https:\/\/archivioturi.lavocedelpaese.info\/index.php\/wp-json\/wp\/v2\/types\/post"}],"author":[{"embeddable":true,"href":"https:\/\/archivioturi.lavocedelpaese.info\/index.php\/wp-json\/wp\/v2\/users\/1"}],"replies":[{"embeddable":true,"href":"https:\/\/archivioturi.lavocedelpaese.info\/index.php\/wp-json\/wp\/v2\/comments?post=13816"}],"version-history":[{"count":0,"href":"https:\/\/archivioturi.lavocedelpaese.info\/index.php\/wp-json\/wp\/v2\/posts\/13816\/revisions"}],"wp:attachment":[{"href":"https:\/\/archivioturi.lavocedelpaese.info\/index.php\/wp-json\/wp\/v2\/media?parent=13816"}],"wp:term":[{"taxonomy":"category","embeddable":true,"href":"https:\/\/archivioturi.lavocedelpaese.info\/index.php\/wp-json\/wp\/v2\/categories?post=13816"},{"taxonomy":"post_tag","embeddable":true,"href":"https:\/\/archivioturi.lavocedelpaese.info\/index.php\/wp-json\/wp\/v2\/tags?post=13816"}],"curies":[{"name":"wp","href":"https:\/\/api.w.org\/{rel}","templated":true}]}}